{"id":105012,"date":"2023-07-19T13:09:20","date_gmt":"2023-07-19T16:09:20","guid":{"rendered":"https:\/\/www.actualidadadiario.com\/?p=105012"},"modified":"2023-07-19T13:09:20","modified_gmt":"2023-07-19T16:09:20","slug":"amigos-y-familiares-de-luisina-se-manifestaron-frente-a-los-tribunales-de-concordia","status":"publish","type":"post","link":"https:\/\/www.actualidadadiario.com\/index.php\/2023\/07\/19\/amigos-y-familiares-de-luisina-se-manifestaron-frente-a-los-tribunales-de-concordia\/","title":{"rendered":"Amigos y familiares de Luisina se manifestaron frente a los Tribunales de Concordia"},"content":{"rendered":"<p style=\"text-align: center;\"><em><strong>Durante la ma\u00f1ana de este mi\u00e9rcoles, amigos y familiares de Luisina Leoncino, la joven concordiense que hace m\u00e1s de una semana no tiene contacto con su familia, se convocaron frente al Palacio de Tribunales por su \u201caparici\u00f3n urgente&#8221;<\/strong><\/em><\/p>\n<p>&nbsp;<\/p>\n<p>&nbsp;<\/p>\n<p>Al respecto, una amiga de Luisina, Joana Bentancour, explic\u00f3 a los medios locales que \u201cnosotros hablamos todos los d\u00edas, siempre estuvimos en contacto\u201d. Sin embargo, destac\u00f3 que la \u00faltima vez que charl\u00f3 con ella \u201cme dijo que no estaba bien\u201d.<\/p>\n<p>\u201cNunca ha pasado esta situaci\u00f3n as\u00ed, me parece muy raro que ella no se conecte\u201d, ya que \u201csi se le romp\u00eda el celular o algo ella siempre me buscaba a m\u00ed por Facebook y me mandaba un mensaje\u201d, indic\u00f3 Joana.<\/p>\n<p>Cabe destacar que, si bien ya hay una persona detenida tras los allanamientos de este martes, la joven Luisina, de 24 a\u00f1os, sigue sin aparecer y su familia no tiene datos concretos de su paradero.<\/p>\n<p>La concordiense es de estatura media, pelo casta\u00f1o claro, tez blanca, ojos marrones, pero lamentablemente no se sabe qu\u00e9 ropa ten\u00eda puesta. Algunas versiones indicaron que fue vista el pasado jueves, aproximadamente a las 17:30, en un comercio ubicado en calle Las Heras y 25 de Mayo.<\/p>\n","protected":false},"excerpt":{"rendered":"<p>Durante la ma\u00f1ana de este mi\u00e9rcoles, amigos y familiares de Luisina Leoncino, la joven concordiense que hace m\u00e1s de una semana no tiene contacto con su familia, se convocaron frente al Palacio de Tribunales por su \u201caparici\u00f3n urgente&#8221; &nbsp; &nbsp; Al respecto, una amiga de Luisina, Joana Bentancour, explic\u00f3 a los medios locales que \u201cnosotros hablamos todos los d\u00edas, siempre estuvimos en contacto\u201d. Sin embargo, destac\u00f3 que la \u00faltima vez que charl\u00f3 con ella \u201cme dijo que no estaba bien\u201d. \u201cNunca ha pasado esta situaci\u00f3n as\u00ed, me parece muy raro&#8230;<\/p>\n","protected":false},"author":3,"featured_media":105013,"comment_status":"closed","ping_status":"closed","sticky":false,"template":"","format":"standard","meta":[],"categories":[15],"tags":[],"_links":{"self":[{"href":"https:\/\/www.actualidadadiario.com\/index.php\/wp-json\/wp\/v2\/posts\/105012"}],"collection":[{"href":"https:\/\/www.actualidadadiario.com\/index.php\/wp-json\/wp\/v2\/posts"}],"about":[{"href":"https:\/\/www.actualidadadiario.com\/index.php\/wp-json\/wp\/v2\/types\/post"}],"author":[{"embeddable":true,"href":"https:\/\/www.actualidadadiario.com\/index.php\/wp-json\/wp\/v2\/users\/3"}],"replies":[{"embeddable":true,"href":"https:\/\/www.actualidadadiario.com\/index.php\/wp-json\/wp\/v2\/comments?post=105012"}],"version-history":[{"count":1,"href":"https:\/\/www.actualidadadiario.com\/index.php\/wp-json\/wp\/v2\/posts\/105012\/revisions"}],"predecessor-version":[{"id":105014,"href":"https:\/\/www.actualidadadiario.com\/index.php\/wp-json\/wp\/v2\/posts\/105012\/revisions\/105014"}],"wp:featuredmedia":[{"embeddable":true,"href":"https:\/\/www.actualidadadiario.com\/index.php\/wp-json\/wp\/v2\/media\/105013"}],"wp:attachment":[{"href":"https:\/\/www.actualidadadiario.com\/index.php\/wp-json\/wp\/v2\/media?parent=105012"}],"wp:term":[{"taxonomy":"category","embeddable":true,"href":"https:\/\/www.actualidadadiario.com\/index.php\/wp-json\/wp\/v2\/categories?post=105012"},{"taxonomy":"post_tag","embeddable":true,"href":"https:\/\/www.actualidadadiario.com\/index.php\/wp-json\/wp\/v2\/tags?post=105012"}],"curies":[{"name":"wp","href":"https:\/\/api.w.org\/{rel}","templated":true}]}}