{"id":105007,"date":"2023-07-19T13:07:37","date_gmt":"2023-07-19T16:07:37","guid":{"rendered":"https:\/\/www.actualidadadiario.com\/?p=105007"},"modified":"2023-07-19T13:07:37","modified_gmt":"2023-07-19T16:07:37","slug":"salud-avanza-en-la-consolidacion-de-la-red-de-derivacion-de-patologia-mamaria","status":"publish","type":"post","link":"https:\/\/www.actualidadadiario.com\/index.php\/2023\/07\/19\/salud-avanza-en-la-consolidacion-de-la-red-de-derivacion-de-patologia-mamaria\/","title":{"rendered":"Salud avanza en la consolidaci\u00f3n de la red de derivaci\u00f3n de patolog\u00eda mamaria"},"content":{"rendered":"<p style=\"text-align: center;\"><em><strong>En funci\u00f3n de consolidar la red de derivaci\u00f3n de patolog\u00eda mamaria, la provincia ha distribuido mam\u00f3grafos en las cuatro regiones sanitarias. Los equipos est\u00e1n repartidos de acuerdo al \u00e1rea program\u00e1tica de los establecimientos de salud<\/strong><\/em><\/p>\n<p>&nbsp;<\/p>\n<p>&nbsp;<\/p>\n<p>El Ministerio de Salud ha distribuido en los \u00faltimos a\u00f1os unidades de mamograf\u00eda en hospitales y centros de salud con el objeto de consolidar la red de derivaci\u00f3n de patolog\u00eda mamaria y as\u00ed fortalecer la atenci\u00f3n en los distintos departamentos de Entre R\u00edos.<\/p>\n<p>En ese marco, el Instituto Provincial del C\u00e1ncer junto al Departamento de Diagn\u00f3stico por Im\u00e1genes y Terapia Radiante realizaron un relevamiento de los mam\u00f3grafos disponibles para actualizar la capacidad operativa.<\/p>\n<p>Atendiendo a la regionalizaci\u00f3n de la atenci\u00f3n sanitaria, por la cual se establecen redes de servicios en cada una de las cuatro zonas en las que se divide la provincia, se dot\u00f3 de equipamiento a efectores de todas las regiones en funci\u00f3n de la poblaci\u00f3n a cargo y las derivaciones que reciben de parte de aquellos departamentos que no cuentan con mam\u00f3grafos.<\/p>\n<p>Actualmente la provincia cuenta con 19 mam\u00f3grafos distribuidos en diferentes efectores. En lo que respecta a la regi\u00f3n I, los hospitales que poseen este tipo de equipo son: San Mart\u00edn y de la Baxada (Paran\u00e1); Dr. Francisco Castaldo (Mar\u00eda Grande); 9 de Julio (La Paz); San Blas (Nogoy\u00e1); Dr. Ferm\u00edn Salaberry (Victoria); San Jos\u00e9 (Diamante) y Nuestra Se\u00f1ora Del Luj\u00e1n (Ram\u00edrez).<\/p>\n<p>En la regi\u00f3n II cuentan con estas unidades el centro regional de referencia La Constituci\u00f3n y los hospitales Delicia Concepci\u00f3n Masvernat y Felipe Heras (Concordia); General Francisco Ram\u00edrez (Feliciano); Justo Jos\u00e9 de Urquiza (Federal); Santa Rosa (Chajar\u00ed) y San Miguel (San Salvador).<\/p>\n<p>En tanto que en la regi\u00f3n III el hospital Justo Jos\u00e9 de Urquiza (Concepci\u00f3n del Uruguay) tiene un mam\u00f3grafo y por su parte, en la regi\u00f3n IV, los establecimientos Centenario (Gualeguaych\u00fa) y Behring (Islas de Ibicuy) tambi\u00e9n cuentan con este equipamiento.<\/p>\n<p>Este a\u00f1o la cartera sanitaria adquiri\u00f3 digitalizadores de mediana productividad para los efectores de cabecera de los departamentos San Salvador, Islas de Ibicuy, Feliciano, Gualeguaych\u00fa y Nogoy\u00e1. Dichos equipos fueron comprados con fondos provinciales y ya se encuentran en funcionamiento.<\/p>\n<p>Toda esta gesti\u00f3n de recursos se realiza en el marco del Proyecto de Salud Digital que lleva a cabo el Ministerio de Salud, el cual tiene como objetivo que los distintos profesionales de salud puedan acceder en cada consultorio al historial m\u00e9dico de las personas que atienden as\u00ed como registrar e interactuar con la informaci\u00f3n sanitaria vinculada al proceso de atenci\u00f3n (antecedentes, diagn\u00f3sticos o condici\u00f3n de salud, prestaciones, resultados de laboratorio, medicaci\u00f3n, entre otros).<\/p>\n<p>&nbsp;<\/p>\n<p><strong>Abordaje del Instituto Provincial del C\u00e1ncer<\/strong><\/p>\n<p>El Instituto Provincial del C\u00e1ncer, por su parte, viene desarrollando un plan de trabajo que apunta a fortalecer el autocuidado y la detecci\u00f3n temprana del c\u00e1ncer de mama en Entre R\u00edos Este proyecto abarca los a\u00f1os 2023 y 2024. En ese contexto se incluy\u00f3 la planificaci\u00f3n de actividades como: relevamiento de unidades de mamograf\u00eda de toda la provincia, campa\u00f1as de autocuidado y prevenci\u00f3n de c\u00e1ncer de mama para poblaci\u00f3n general, capacitaciones para equipos de atenci\u00f3n primaria de la salud, publicaci\u00f3n de la red de referencia y derivaci\u00f3n provincial.<\/p>\n","protected":false},"excerpt":{"rendered":"<p>En funci\u00f3n de consolidar la red de derivaci\u00f3n de patolog\u00eda mamaria, la provincia ha distribuido mam\u00f3grafos en las cuatro regiones sanitarias. Los equipos est\u00e1n repartidos de acuerdo al \u00e1rea program\u00e1tica de los establecimientos de salud &nbsp; &nbsp; El Ministerio de Salud ha distribuido en los \u00faltimos a\u00f1os unidades de mamograf\u00eda en hospitales y centros de salud con el objeto de consolidar la red de derivaci\u00f3n de patolog\u00eda mamaria y as\u00ed fortalecer la atenci\u00f3n en los distintos departamentos de Entre R\u00edos. En ese marco, el Instituto Provincial del C\u00e1ncer junto al&#8230;<\/p>\n","protected":false},"author":3,"featured_media":105008,"comment_status":"closed","ping_status":"closed","sticky":false,"template":"","format":"standard","meta":[],"categories":[15],"tags":[],"_links":{"self":[{"href":"https:\/\/www.actualidadadiario.com\/index.php\/wp-json\/wp\/v2\/posts\/105007"}],"collection":[{"href":"https:\/\/www.actualidadadiario.com\/index.php\/wp-json\/wp\/v2\/posts"}],"about":[{"href":"https:\/\/www.actualidadadiario.com\/index.php\/wp-json\/wp\/v2\/types\/post"}],"author":[{"embeddable":true,"href":"https:\/\/www.actualidadadiario.com\/index.php\/wp-json\/wp\/v2\/users\/3"}],"replies":[{"embeddable":true,"href":"https:\/\/www.actualidadadiario.com\/index.php\/wp-json\/wp\/v2\/comments?post=105007"}],"version-history":[{"count":1,"href":"https:\/\/www.actualidadadiario.com\/index.php\/wp-json\/wp\/v2\/posts\/105007\/revisions"}],"predecessor-version":[{"id":105009,"href":"https:\/\/www.actualidadadiario.com\/index.php\/wp-json\/wp\/v2\/posts\/105007\/revisions\/105009"}],"wp:featuredmedia":[{"embeddable":true,"href":"https:\/\/www.actualidadadiario.com\/index.php\/wp-json\/wp\/v2\/media\/105008"}],"wp:attachment":[{"href":"https:\/\/www.actualidadadiario.com\/index.php\/wp-json\/wp\/v2\/media?parent=105007"}],"wp:term":[{"taxonomy":"category","embeddable":true,"href":"https:\/\/www.actualidadadiario.com\/index.php\/wp-json\/wp\/v2\/categories?post=105007"},{"taxonomy":"post_tag","embeddable":true,"href":"https:\/\/www.actualidadadiario.com\/index.php\/wp-json\/wp\/v2\/tags?post=105007"}],"curies":[{"name":"wp","href":"https:\/\/api.w.org\/{rel}","templated":true}]}}