{"id":105003,"date":"2023-07-19T13:05:08","date_gmt":"2023-07-19T16:05:08","guid":{"rendered":"https:\/\/www.actualidadadiario.com\/?p=105003"},"modified":"2023-07-19T13:05:08","modified_gmt":"2023-07-19T16:05:08","slug":"bahl-aventaja-a-frigerio-por-11-puntos-en-la-ciudad-de-parana","status":"publish","type":"post","link":"https:\/\/www.actualidadadiario.com\/index.php\/2023\/07\/19\/bahl-aventaja-a-frigerio-por-11-puntos-en-la-ciudad-de-parana\/","title":{"rendered":"Bahl aventaja a Frigerio por 11 puntos en la ciudad de Paran\u00e1"},"content":{"rendered":"<p style=\"text-align: center;\"><em><strong>Ad\u00e1n Bahl, el precandidato a gobernador por M\u00e1s por Entre R\u00edos, tiene una intenci\u00f3n de voto del 44% en la capital de la provincia seg\u00fan una encuesta realizada durante julio por la encuestadora Zuban C\u00f3rdoba. Su principal adversario, Rogelio Frigerio de Juntos por Entre R\u00edos, est\u00e1 a 11 puntos con una intenci\u00f3n de voto del 33,4%<\/strong><\/em><\/p>\n<p>&nbsp;<\/p>\n<p>&nbsp;<\/p>\n<p>La encuesta, realizada a principios de mes y con las listas para las primarias ya lanzadas, pone a Bahl como el candidato con mayor intenci\u00f3n de voto en la ciudad seguido por Frigerio. El candidato de M\u00e1s por Entre R\u00edos tiene incluso un guarismo superior a la suma de la interna de Juntos por Entre R\u00edos, ya que Galimberti tracciona apenas con 4,4%.<\/p>\n<p>El candidato de Javier Milei, Sebasti\u00e1n Etchevehere, es el tercero en la intenci\u00f3n de voto seg\u00fan esta encuestadora: suma un 10,9%. Cerrando la fila se ubica Sof\u00eda Sforza, del izquierdista MST, con 3,1%.<\/p>\n<p>El estudio muestra tambi\u00e9n que tanto la imagen de Bahl\u00a0 como la de su gesti\u00f3n es alta. A nivel personal suma entre buena y muy buena el 68,1% y su administraci\u00f3n es aprobada como buena o muy buena por el 65,2% de los encuestados.<\/p>\n<p>Los niveles de aprobaci\u00f3n del intendente de Paran\u00e1 en su ciudad est\u00e1n en consonancia con los que registra el actual gobernador y primer candidato a diputado nacional de M\u00e1s por Entre R\u00edos, Gustavo Bordet, quien suma el 66,4% de respaldo.<\/p>\n<p>Frigerio, en tanto, redondea una imagen positiva del 41,7% en la capital provincial y mantiene un diferencial de +10 puntos en contrastaci\u00f3n con la negativa, que se ubica en el 31,1%.<\/p>\n","protected":false},"excerpt":{"rendered":"<p>Ad\u00e1n Bahl, el precandidato a gobernador por M\u00e1s por Entre R\u00edos, tiene una intenci\u00f3n de voto del 44% en la capital de la provincia seg\u00fan una encuesta realizada durante julio por la encuestadora Zuban C\u00f3rdoba. Su principal adversario, Rogelio Frigerio de Juntos por Entre R\u00edos, est\u00e1 a 11 puntos con una intenci\u00f3n de voto del 33,4% &nbsp; &nbsp; La encuesta, realizada a principios de mes y con las listas para las primarias ya lanzadas, pone a Bahl como el candidato con mayor intenci\u00f3n de voto en la ciudad seguido por&#8230;<\/p>\n","protected":false},"author":3,"featured_media":101279,"comment_status":"closed","ping_status":"closed","sticky":false,"template":"","format":"standard","meta":[],"categories":[9,15],"tags":[],"_links":{"self":[{"href":"https:\/\/www.actualidadadiario.com\/index.php\/wp-json\/wp\/v2\/posts\/105003"}],"collection":[{"href":"https:\/\/www.actualidadadiario.com\/index.php\/wp-json\/wp\/v2\/posts"}],"about":[{"href":"https:\/\/www.actualidadadiario.com\/index.php\/wp-json\/wp\/v2\/types\/post"}],"author":[{"embeddable":true,"href":"https:\/\/www.actualidadadiario.com\/index.php\/wp-json\/wp\/v2\/users\/3"}],"replies":[{"embeddable":true,"href":"https:\/\/www.actualidadadiario.com\/index.php\/wp-json\/wp\/v2\/comments?post=105003"}],"version-history":[{"count":1,"href":"https:\/\/www.actualidadadiario.com\/index.php\/wp-json\/wp\/v2\/posts\/105003\/revisions"}],"predecessor-version":[{"id":105004,"href":"https:\/\/www.actualidadadiario.com\/index.php\/wp-json\/wp\/v2\/posts\/105003\/revisions\/105004"}],"wp:featuredmedia":[{"embeddable":true,"href":"https:\/\/www.actualidadadiario.com\/index.php\/wp-json\/wp\/v2\/media\/101279"}],"wp:attachment":[{"href":"https:\/\/www.actualidadadiario.com\/index.php\/wp-json\/wp\/v2\/media?parent=105003"}],"wp:term":[{"taxonomy":"category","embeddable":true,"href":"https:\/\/www.actualidadadiario.com\/index.php\/wp-json\/wp\/v2\/categories?post=105003"},{"taxonomy":"post_tag","embeddable":true,"href":"https:\/\/www.actualidadadiario.com\/index.php\/wp-json\/wp\/v2\/tags?post=105003"}],"curies":[{"name":"wp","href":"https:\/\/api.w.org\/{rel}","templated":true}]}}