{"id":105001,"date":"2023-07-19T13:04:11","date_gmt":"2023-07-19T16:04:11","guid":{"rendered":"https:\/\/www.actualidadadiario.com\/?p=105001"},"modified":"2023-07-19T13:05:25","modified_gmt":"2023-07-19T16:05:25","slug":"federacion-llegara-al-100-de-ocupacion-hotelera-en-las-vacaciones-de-invierno","status":"publish","type":"post","link":"https:\/\/www.actualidadadiario.com\/index.php\/2023\/07\/19\/federacion-llegara-al-100-de-ocupacion-hotelera-en-las-vacaciones-de-invierno\/","title":{"rendered":"Federaci\u00f3n llegar\u00e1 al 100% de ocupaci\u00f3n hotelera en las vacaciones de invierno"},"content":{"rendered":"<p style=\"text-align: center;\"><em><strong>Fue lo que se registr\u00f3 este martes al mediod\u00eda, en un sector del parque Acu\u00e1tico cuando se realizaba el acto de entrega de nueve certificados de alojamientos homologados, que fue presidido por el intendente Ricardo Bravo y cont\u00f3 con la presencia de la secretaria de Turismo de la provincia de Entre R\u00edos, Mar\u00eda Laura Saad, quien en su discurso dijo que esta actividad hace a la calidad y garant\u00eda que ofrece a este destino a los turistas y que Federaci\u00f3n es la madre de los complejos termales<\/strong><\/em><\/p>\n<p>&nbsp;<\/p>\n<p>&nbsp;<\/p>\n<p>Ricardo Bravo dijo \u201cesto hace que nuestra ciudad se siga posicionando con la calidad de sus servicios, ya que nos destacamos por la calidez que tenemos a la hora de atender a nuestros visitantes\u201d, subray\u00f3.<\/p>\n<p>&nbsp;<\/p>\n<p><strong>Vacaciones de invierno<\/strong><\/p>\n<p>Seguidamente, el jefe comunal coment\u00f3 que con la salida de vacaciones de la capital Federal y la provincia de Buenos Aires, repunt\u00f3 la actividad, -este \u00faltimo fin de semana se registr\u00f3 m\u00e1s de un 80% y en estos d\u00edas vamos a estar llegando a un 100% de ocupaci\u00f3n hotelera, algo que genera un gran impulso para nuestra econom\u00eda, as\u00ed que estamos muy contentos y felices por la temporada de invierno que estamos viviendo-, destac\u00f3.<\/p>\n<p>&nbsp;<\/p>\n<p><strong>Ruta 44 autov\u00eda<\/strong><\/p>\n<p>Sobre el proyecto de transformar la ruta de acceso en una autov\u00eda, Bravo le confi\u00f3 a este medio que esta idea se ven\u00eda trabajando, alrededor de un a\u00f1o atr\u00e1s, pero que en los \u00faltimos d\u00edas pudo avanzar con la Cafesg la posibilidad de materializar esta iniciativa en un proyecto ejecutivo, -el proyecto consiste en una readecuaci\u00f3n de la ruta 44 y esto surge de la necesidad de brindar seguridad al fluido transito que se genera en la misma-, explic\u00f3.<\/p>\n<p>Y acot\u00f3, -los profesionales de Cafesg han propuesto un primer tramo que va hasta la capilla San Bosco, con una autov\u00eda, pero adem\u00e1s en la zona conocida como el Cristo reformularon una rotonda con una circunvalaci\u00f3n, sumado a los ensanchamientos que se realizaran en cada ingreso a lo largo de la ruta 44, como as\u00ed tambi\u00e9n la colocaci\u00f3n de algunos sem\u00e1foros en lugares determinados, para que todos convivamos con un tr\u00e1nsito amigable-, describi\u00f3.<\/p>\n<p>&nbsp;<\/p>\n<p><strong>Obras<\/strong><\/p>\n<p>Finalmente, el intendente Ricardo Bravo se refiri\u00f3 a los trabajos preliminares que se inici\u00f3 en el obrador de lo que ser\u00e1 la obra de una escuela de nivel inicial en el terreno lindero a la plaza Mandisovi, -as\u00ed que estamos muy contentos que la misma se pueda realizar porque responde a una necesidad, pero tambi\u00e9n ya contamos con el apto t\u00e9cnico para una nueva escuela primaria en ese mismo espacio-agregando- en m\u00e1s de 40 a\u00f1os que tiene la ciudad nunca se construy\u00f3 una escuela nueva, y esto responde a nuestro trabajo de estar pensando siempre en el desarrollo de nuestra querida ciudad, porque ya estamos muy pr\u00f3ximos de poder inaugurar la obra de ampliaci\u00f3n del parque acu\u00e1tico, algo que va a venir a diversificar el producto tur\u00edstico-, cerr\u00f3.<\/p>\n","protected":false},"excerpt":{"rendered":"<p>Fue lo que se registr\u00f3 este martes al mediod\u00eda, en un sector del parque Acu\u00e1tico cuando se realizaba el acto de entrega de nueve certificados de alojamientos homologados, que fue presidido por el intendente Ricardo Bravo y cont\u00f3 con la presencia de la secretaria de Turismo de la provincia de Entre R\u00edos, Mar\u00eda Laura Saad, quien en su discurso dijo que esta actividad hace a la calidad y garant\u00eda que ofrece a este destino a los turistas y que Federaci\u00f3n es la madre de los complejos termales &nbsp; &nbsp; Ricardo&#8230;<\/p>\n","protected":false},"author":3,"featured_media":93260,"comment_status":"closed","ping_status":"closed","sticky":false,"template":"","format":"standard","meta":[],"categories":[15],"tags":[],"_links":{"self":[{"href":"https:\/\/www.actualidadadiario.com\/index.php\/wp-json\/wp\/v2\/posts\/105001"}],"collection":[{"href":"https:\/\/www.actualidadadiario.com\/index.php\/wp-json\/wp\/v2\/posts"}],"about":[{"href":"https:\/\/www.actualidadadiario.com\/index.php\/wp-json\/wp\/v2\/types\/post"}],"author":[{"embeddable":true,"href":"https:\/\/www.actualidadadiario.com\/index.php\/wp-json\/wp\/v2\/users\/3"}],"replies":[{"embeddable":true,"href":"https:\/\/www.actualidadadiario.com\/index.php\/wp-json\/wp\/v2\/comments?post=105001"}],"version-history":[{"count":1,"href":"https:\/\/www.actualidadadiario.com\/index.php\/wp-json\/wp\/v2\/posts\/105001\/revisions"}],"predecessor-version":[{"id":105002,"href":"https:\/\/www.actualidadadiario.com\/index.php\/wp-json\/wp\/v2\/posts\/105001\/revisions\/105002"}],"wp:featuredmedia":[{"embeddable":true,"href":"https:\/\/www.actualidadadiario.com\/index.php\/wp-json\/wp\/v2\/media\/93260"}],"wp:attachment":[{"href":"https:\/\/www.actualidadadiario.com\/index.php\/wp-json\/wp\/v2\/media?parent=105001"}],"wp:term":[{"taxonomy":"category","embeddable":true,"href":"https:\/\/www.actualidadadiario.com\/index.php\/wp-json\/wp\/v2\/categories?post=105001"},{"taxonomy":"post_tag","embeddable":true,"href":"https:\/\/www.actualidadadiario.com\/index.php\/wp-json\/wp\/v2\/tags?post=105001"}],"curies":[{"name":"wp","href":"https:\/\/api.w.org\/{rel}","templated":true}]}}