{"id":104999,"date":"2023-07-18T14:24:49","date_gmt":"2023-07-18T17:24:49","guid":{"rendered":"https:\/\/www.actualidadadiario.com\/?p=104999"},"modified":"2023-07-18T14:24:49","modified_gmt":"2023-07-18T17:24:49","slug":"calentamiento-global-la-onu-advirtio-que-vendran-olas-de-calor-mas-intensas","status":"publish","type":"post","link":"https:\/\/www.actualidadadiario.com\/index.php\/2023\/07\/18\/calentamiento-global-la-onu-advirtio-que-vendran-olas-de-calor-mas-intensas\/","title":{"rendered":"Calentamiento global: la ONU advirti\u00f3 que vendr\u00e1n &#8220;olas de calor m\u00e1s intensas&#8221;"},"content":{"rendered":"<p style=\"text-align: center;\"><em><strong>Importantes incendios se est\u00e1n desatando en diferentes pa\u00edses por la sequ\u00eda que generan las altas temperaturas<\/strong><\/em><\/p>\n<p>&nbsp;<\/p>\n<p>&nbsp;<\/p>\n<p>&#8220;El mundo debe preparase para olas de calor m\u00e1s intensas&#8221;, advirti\u00f3 hoy la Organizaci\u00f3n de las Naciones Unidas (ONU), en medio de temperaturas sofocantes que experimentan varias zonas del hemisferio norte, que a su vez provocan incendios y amenazan la salud de la poblaci\u00f3n.<\/p>\n<p>Un experto en calor extremo de la Organizaci\u00f3n Meteorol\u00f3gica Mundial (OMM), John Nairn, explic\u00f3 que este tipo de situaciones continuar\u00e1 creciendo en intensidad: &#8220;El fen\u00f3meno El Ni\u00f1o, recientemente declarado, no har\u00e1 m\u00e1s que amplificar la incidencia y la intensidad de las olas de calor extremo&#8221;.<\/p>\n<p>La can\u00edcula (un evento clim\u00e1tico que sucede durante la estaci\u00f3n de verano y se caracteriza por ser una sequ\u00eda), que afecta al sector norte del planeta, contin\u00faa este martes con incendios activos en Grecia y Estados Unidos, y un posible r\u00e9cord de temperatura para el continente europeo en las islas italianas de Cerde\u00f1a y Sicilia.<\/p>\n<p>&nbsp;<\/p>\n<p><strong>Alertas por olas de calor como consecuencia del calentamiento global<\/strong><\/p>\n<p>Las autoridades sanitarias emitieron alertas por calor en Estados Unidos, Europa y Asia, y recuerdan que es necesario hidratarse y protegerse del sol, en una nueva ilustraci\u00f3n de los efectos directos del calentamiento global.<\/p>\n<p>&#8220;Uno de los fen\u00f3menos notables que hemos observado es que el n\u00famero de olas de calor simult\u00e1neas en el hemisferio norte se multiplic\u00f3 por seis desde 1980. Esta tendencia no muestra ninguna se\u00f1al de disminuir&#8221;, indic\u00f3 el experto de la OMM.<\/p>\n<p>Seg\u00fan los investigadores, los gases de efecto invernadero que retienen el calor son los responsables del cambio clim\u00e1tico.<\/p>\n<p>&nbsp;<\/p>\n<p><strong>Incendios en Suiza<\/strong><\/p>\n<p>En medio de la ola de calor que enfrenta Europa, que se acent\u00faa este martes en algunas partes del hemisferio norte, m\u00e1s de 200 personas fueron evacuadas en los Alpes suizos a causa de un importante incendio forestal, que comenz\u00f3 ayer en un bosque cercano a la comuna de Bitsch, contra el que fueron desplegados m\u00e1s de 150 bomberos.<\/p>\n<p>&#8220;R\u00e1pidamente se puso en marcha un importante sistema de intervenci\u00f3n. Todav\u00eda estamos luchando contra el incendio, que se propaga r\u00e1pidamente&#8221;, declar\u00f3 la polic\u00eda del cant\u00f3n del Valais en un comunicado.<\/p>\n<p>&#8220;Unos 150 bomberos luchan actualmente sin descanso contra el incendio que, de momento, todav\u00eda no fue controlado&#8221;, indic\u00f3 la polic\u00eda.<\/p>\n<p>Por su parte, el jefe de los bomberos locales, Mario Schaller, indic\u00f3 que unas 100 hect\u00e1reas de bosque ardieron, y que no descansar\u00e1n &#8220;hasta que el humo no haya desaparecido&#8221;.<\/p>\n","protected":false},"excerpt":{"rendered":"<p>Importantes incendios se est\u00e1n desatando en diferentes pa\u00edses por la sequ\u00eda que generan las altas temperaturas &nbsp; &nbsp; &#8220;El mundo debe preparase para olas de calor m\u00e1s intensas&#8221;, advirti\u00f3 hoy la Organizaci\u00f3n de las Naciones Unidas (ONU), en medio de temperaturas sofocantes que experimentan varias zonas del hemisferio norte, que a su vez provocan incendios y amenazan la salud de la poblaci\u00f3n. Un experto en calor extremo de la Organizaci\u00f3n Meteorol\u00f3gica Mundial (OMM), John Nairn, explic\u00f3 que este tipo de situaciones continuar\u00e1 creciendo en intensidad: &#8220;El fen\u00f3meno El Ni\u00f1o, recientemente&#8230;<\/p>\n","protected":false},"author":3,"featured_media":101972,"comment_status":"closed","ping_status":"closed","sticky":false,"template":"","format":"standard","meta":[],"categories":[4],"tags":[],"_links":{"self":[{"href":"https:\/\/www.actualidadadiario.com\/index.php\/wp-json\/wp\/v2\/posts\/104999"}],"collection":[{"href":"https:\/\/www.actualidadadiario.com\/index.php\/wp-json\/wp\/v2\/posts"}],"about":[{"href":"https:\/\/www.actualidadadiario.com\/index.php\/wp-json\/wp\/v2\/types\/post"}],"author":[{"embeddable":true,"href":"https:\/\/www.actualidadadiario.com\/index.php\/wp-json\/wp\/v2\/users\/3"}],"replies":[{"embeddable":true,"href":"https:\/\/www.actualidadadiario.com\/index.php\/wp-json\/wp\/v2\/comments?post=104999"}],"version-history":[{"count":1,"href":"https:\/\/www.actualidadadiario.com\/index.php\/wp-json\/wp\/v2\/posts\/104999\/revisions"}],"predecessor-version":[{"id":105000,"href":"https:\/\/www.actualidadadiario.com\/index.php\/wp-json\/wp\/v2\/posts\/104999\/revisions\/105000"}],"wp:featuredmedia":[{"embeddable":true,"href":"https:\/\/www.actualidadadiario.com\/index.php\/wp-json\/wp\/v2\/media\/101972"}],"wp:attachment":[{"href":"https:\/\/www.actualidadadiario.com\/index.php\/wp-json\/wp\/v2\/media?parent=104999"}],"wp:term":[{"taxonomy":"category","embeddable":true,"href":"https:\/\/www.actualidadadiario.com\/index.php\/wp-json\/wp\/v2\/categories?post=104999"},{"taxonomy":"post_tag","embeddable":true,"href":"https:\/\/www.actualidadadiario.com\/index.php\/wp-json\/wp\/v2\/tags?post=104999"}],"curies":[{"name":"wp","href":"https:\/\/api.w.org\/{rel}","templated":true}]}}