{"id":104996,"date":"2023-07-18T14:24:06","date_gmt":"2023-07-18T17:24:06","guid":{"rendered":"https:\/\/www.actualidadadiario.com\/?p=104996"},"modified":"2023-07-18T14:24:06","modified_gmt":"2023-07-18T17:24:06","slug":"ola-de-calor-extremo-datos-que-reflejan-las-consecuencias-de-las-altas-temperaturas","status":"publish","type":"post","link":"https:\/\/www.actualidadadiario.com\/index.php\/2023\/07\/18\/ola-de-calor-extremo-datos-que-reflejan-las-consecuencias-de-las-altas-temperaturas\/","title":{"rendered":"Ola de calor extremo: datos que reflejan las consecuencias de las altas temperaturas"},"content":{"rendered":"<p style=\"text-align: center;\"><em><strong>Las olas de calor, consecuencia directa del cambio clim\u00e1tico, as\u00ed como al fen\u00f3meno de El Ni\u00f1o, continuar\u00e1n empeorando la situaci\u00f3n<\/strong><\/em><\/p>\n<p>&nbsp;<\/p>\n<p>&nbsp;<\/p>\n<p>Desde hace semanas, los cient\u00edficos afirmaron que los r\u00e9cords por las altas temperaturas en el hemisferio norte, por el verano boreal, llegaron m\u00e1s r\u00e1pido de lo que se esperaba. En este sentido, la Organizaci\u00f3n de las Naciones Unidas (ONU) advirti\u00f3 que el mundo debe preparase &#8220;para olas de calor m\u00e1s intensas&#8221;.<\/p>\n<p>A ra\u00edz de que se conociera que la primera semana de julio se convirti\u00f3 en la m\u00e1s calurosa de la historia, desde que se tienen registros, la Organizaci\u00f3n Meteorol\u00f3gica Mundial (OMM) confirm\u00f3 que se est\u00e1 entrando en un terreno desconocido.<\/p>\n<p>&nbsp;<\/p>\n<p><strong>Los datos m\u00e1s extremos como consecuencia del cambio clim\u00e1tico<\/strong><\/p>\n<p>Por lo que se puede observar, el calor extremo no da tregua en el sector norte del planeta y podr\u00eda tener consecuencias mortales si la poblaci\u00f3n no toma las debidas medidas de protecci\u00f3n. En la actualidad, hay alertas en toda Europa, Asia y Estados Unidos para millones de personas, adem\u00e1s de que se est\u00e1n produciendo importantes incendios en varios territorios por las sequ\u00edas.<\/p>\n<p>&nbsp;<\/p>\n<p><strong>Evacuaciones en Grecia por los incendios<\/strong><\/p>\n<p>Grecia contin\u00faa luchando este martes contra tres grandes incendios en las afueras de Atenas, que se desataron el lunes y se propagaron con rapidez, provocando la evacuaci\u00f3n de miles de personas.<\/p>\n<p>Adem\u00e1s, unos 1.200 ni\u00f1os debieron ser evacuados de un campamento de verano en la ciudad costera de Loutraki, en Grecia, despu\u00e9s de que se iniciara un incendio forestal potenciado por la sequ\u00eda.<\/p>\n<p>Por su parte, el servicio meteorol\u00f3gico griego advirti\u00f3 que el riesgo de nuevos fuegos sigue siendo alto.<\/p>\n<p>&nbsp;<\/p>\n<p><strong>China registr\u00f3 su temperatura m\u00e1s alta<\/strong><\/p>\n<p>Este domingo, en Sinkiang, China, se registraron temperaturas de 52\u00b0C, lo que, seg\u00fan medios estatales, supone la temperatura m\u00e1s alta de la que se tiene registro.<\/p>\n<p>Se espera que el calor extremo se extienda por al menos otros cinco d\u00edas en esta regi\u00f3n. El r\u00e9cord anterior en el pa\u00eds asi\u00e1tico, registrado en 2015, fue de 50,3\u00b0C.<\/p>\n<p>&nbsp;<\/p>\n<p><strong>Italia podr\u00eda batir r\u00e9cords continentales por el calor<\/strong><\/p>\n<p>Esta semana se espera una nueva ola de calor, a la que las agencias del tiempo italianas llamaron &#8220;Caronte&#8221;, como el monstruo de la mitolog\u00eda griega que era el barquero de los muertos en el Hades.<\/p>\n<p>Esto se puede ver en las islas de Cerde\u00f1a y Sicilia, que proyectan temperaturas de unos 46\u00b0C, seg\u00fan las agencias meteorol\u00f3gicas.<\/p>\n<p>Se prev\u00e9 que la ola de calor que afecta al Mediterr\u00e1neo se intensifique a mediados de esta semana y es probable que contin\u00fae hasta el pr\u00f3ximo mes en algunas partes de Europa.<\/p>\n<p>&nbsp;<\/p>\n<p><strong>Canad\u00e1 bajo fuego<\/strong><\/p>\n<p>Los incendios forestales de Canad\u00e1 quemaron m\u00e1s de 10 millones de hect\u00e1reas este a\u00f1o, seg\u00fan datos del Gobierno publicados el s\u00e1bado. El pa\u00eds norteamericano atraviesa el peor momento medioambiental de su historia.<\/p>\n<p>Desde principios del mes, la situaci\u00f3n dio un giro dram\u00e1tico en Columbia Brit\u00e1nica, con m\u00e1s de 250 incendios declarados en s\u00f3lo tres d\u00edas de la semana pasada, en su mayor\u00eda provocados por rayos.<\/p>\n","protected":false},"excerpt":{"rendered":"<p>Las olas de calor, consecuencia directa del cambio clim\u00e1tico, as\u00ed como al fen\u00f3meno de El Ni\u00f1o, continuar\u00e1n empeorando la situaci\u00f3n &nbsp; &nbsp; Desde hace semanas, los cient\u00edficos afirmaron que los r\u00e9cords por las altas temperaturas en el hemisferio norte, por el verano boreal, llegaron m\u00e1s r\u00e1pido de lo que se esperaba. En este sentido, la Organizaci\u00f3n de las Naciones Unidas (ONU) advirti\u00f3 que el mundo debe preparase &#8220;para olas de calor m\u00e1s intensas&#8221;. A ra\u00edz de que se conociera que la primera semana de julio se convirti\u00f3 en la m\u00e1s&#8230;<\/p>\n","protected":false},"author":3,"featured_media":104997,"comment_status":"closed","ping_status":"closed","sticky":false,"template":"","format":"standard","meta":[],"categories":[4],"tags":[],"_links":{"self":[{"href":"https:\/\/www.actualidadadiario.com\/index.php\/wp-json\/wp\/v2\/posts\/104996"}],"collection":[{"href":"https:\/\/www.actualidadadiario.com\/index.php\/wp-json\/wp\/v2\/posts"}],"about":[{"href":"https:\/\/www.actualidadadiario.com\/index.php\/wp-json\/wp\/v2\/types\/post"}],"author":[{"embeddable":true,"href":"https:\/\/www.actualidadadiario.com\/index.php\/wp-json\/wp\/v2\/users\/3"}],"replies":[{"embeddable":true,"href":"https:\/\/www.actualidadadiario.com\/index.php\/wp-json\/wp\/v2\/comments?post=104996"}],"version-history":[{"count":1,"href":"https:\/\/www.actualidadadiario.com\/index.php\/wp-json\/wp\/v2\/posts\/104996\/revisions"}],"predecessor-version":[{"id":104998,"href":"https:\/\/www.actualidadadiario.com\/index.php\/wp-json\/wp\/v2\/posts\/104996\/revisions\/104998"}],"wp:featuredmedia":[{"embeddable":true,"href":"https:\/\/www.actualidadadiario.com\/index.php\/wp-json\/wp\/v2\/media\/104997"}],"wp:attachment":[{"href":"https:\/\/www.actualidadadiario.com\/index.php\/wp-json\/wp\/v2\/media?parent=104996"}],"wp:term":[{"taxonomy":"category","embeddable":true,"href":"https:\/\/www.actualidadadiario.com\/index.php\/wp-json\/wp\/v2\/categories?post=104996"},{"taxonomy":"post_tag","embeddable":true,"href":"https:\/\/www.actualidadadiario.com\/index.php\/wp-json\/wp\/v2\/tags?post=104996"}],"curies":[{"name":"wp","href":"https:\/\/api.w.org\/{rel}","templated":true}]}}