{"id":104984,"date":"2023-07-18T14:07:22","date_gmt":"2023-07-18T17:07:22","guid":{"rendered":"https:\/\/www.actualidadadiario.com\/?p=104984"},"modified":"2023-07-18T14:07:22","modified_gmt":"2023-07-18T17:07:22","slug":"juntos-por-el-cambio-nuevo-cortocircuito-entre-bullrich-y-rodriguez-larreta-por-frases-de-un-lilito","status":"publish","type":"post","link":"https:\/\/www.actualidadadiario.com\/index.php\/2023\/07\/18\/juntos-por-el-cambio-nuevo-cortocircuito-entre-bullrich-y-rodriguez-larreta-por-frases-de-un-lilito\/","title":{"rendered":"Juntos por el Cambio: nuevo cortocircuito entre Bullrich y Rodr\u00edguez Larreta por frases de un &#8220;lilito&#8221;"},"content":{"rendered":"<p style=\"text-align: center;\"><em><strong>A falta de menos de un mes para las elecciones primarias, la alianza opositora vuelve a tronar por el fuego amigo<\/strong><\/em><\/p>\n<p>&nbsp;<\/p>\n<p>&nbsp;<\/p>\n<p>Dirigentes alineados con la precandidata presidencial de Juntos por el Cambio Patricia Bullrich cuestion\u00f3 a su rival en la interna, Horacio Rodr\u00edguez Larreta, por declaraciones de su entorno que &#8220;coinciden casi punto por punto con las mismas que reparten el kirchnerismo&#8221;.<\/p>\n<p>D\u00edas atr\u00e1s, durante una entrevista radial el diputado nacional de la Coalici\u00f3n C\u00edvica-ARI Juan Manuel L\u00f3pez hab\u00eda advertido que una Presidencia de Bullrich podr\u00eda terminar con un estallido como el de diciembre de 2001.<\/p>\n<p>&#8220;Yo cuando lo charlo con amigos lo pongo en t\u00e9rminos de series televisivas. Yo me imagino una presidencia de Milei como la segunda temporada de El Reino, que es un delirio. Y me imagino, por ah\u00ed, aunque creo que no porque creo que Patricia pudo haber aprendido de esa experiencia, pero me puedo imaginar un gobierno con dificultades de Patricia como la serie de 2001&#8221;, hab\u00eda se\u00f1alado el abogado, cercano a Elisa Carri\u00f3.<\/p>\n<p>En ese mismo momento, L\u00f3pez reconoci\u00f3 que sus palabras iban a generar un nuevo cortocircuito en la alianza opositora: &#8220;Creo que Juntos por el Cambio tiene los anticuerpos y Patricia es mucho m\u00e1s l\u00facida que De la R\u00faa. Por ah\u00ed me estoy metiendo en un problema mientras voy pensando en voz alta&#8221;.<\/p>\n<p>Este martes, referentes del ala conducida por Bullrich salieron a exigir a Rodr\u00edguez Larreta y a sus dirigentes que &#8220;mantengan las diferencias internas en el \u00e1mbito democr\u00e1tico&#8221;, ya que advirtieron que &#8220;no hay aporte para el futuro en persistir con expresiones que absolutamente nada tienen que ver con la sana competencia interna&#8221;.<\/p>\n<p>&#8220;Cuidemos Juntos por el Cambio&#8221;, es el t\u00edtulo de la carta enviada al jefe de Gobierno porte\u00f1o y que fue firmada por dirigentes como Maximiliano Guerra, Cristian Ritondo, N\u00e9stor Grindetti, Maximiliano Abad, Federico Angelini, Dami\u00e1n Arabia y Federico Pinedo.<\/p>\n<p>En la misiva, adem\u00e1s de reclamarle a Rodr\u00edguez Larreta que le solicite a L\u00f3pez &#8220;una r\u00e1pida y tajante retractaci\u00f3n p\u00fablica&#8221;, expresaron su &#8220;m\u00e1xima preocupaci\u00f3n&#8221; por esas palabras.<\/p>\n<p>&#8220;Creemos que distintas manifestaciones emitidas en las \u00faltimas horas desde su espacio no s\u00f3lo no aportan nada a la buena convivencia democr\u00e1tica, sino que, adem\u00e1s, no representan los valores de Juntos por el Cambio y lesionan las peleas que estamos dando juntos para terminar de una buena vez con el populismo kirchnerista&#8221;, indicaron.<\/p>\n<p>Y agregaron &#8220;No podemos aceptar que declaraciones contra Patricia Bullrich como las del diputado Juan Manuel L\u00f3pez, integrante del sector \u00b4El cambio de nuestras vidas\u00b4 que se referencia en su figura en estas elecciones internas, no merezcan al menos de su parte una reflexi\u00f3n sobre si \u00e9sta es la manera que usted cree m\u00e1s conveniente para dirimir nuestras diferencias de cara a las pr\u00f3ximas PASO. En un art\u00edculo posterior, L\u00f3pez no se retracta&#8221;.<\/p>\n<p>Los referentes del bullrichismo consideraron que esas expresiones &#8220;coinciden casi punto por punto con las mismas que reparten el kirchnerismo y su ministro de Econom\u00eda, Sergio Massa, y otros dirigentes como An\u00edbal Fern\u00e1ndez, Axel Kicillof y Juan Grabois&#8221;.<\/p>\n<p>&#8220;Son conceptos que intentan inyectar el miedo y disciplinar a los argentinos. Pretenden inocular a la poblaci\u00f3n contra el cambio predicando el temor para as\u00ed mantener a la Argentina en la decadencia y el sometimiento&#8221;, subrayaron.<\/p>\n<p>Y concluyeron: &#8220;Nosotros estamos firmemente involucrados en cuidar a Juntos por el Cambio. Sus valores y su identidad trascienden a los dirigentes y pertenecen a todos los argentinos que no se resignan y que nos quieren ver fuertes y unidos despu\u00e9s del 13 de agosto. De nuestra parte siempre va a encontrar firmeza en las declaraciones y en las posturas, pero jam\u00e1s el esgrimir argumentos propios del kirchnerismo&#8221;.<\/p>\n","protected":false},"excerpt":{"rendered":"<p>A falta de menos de un mes para las elecciones primarias, la alianza opositora vuelve a tronar por el fuego amigo &nbsp; &nbsp; Dirigentes alineados con la precandidata presidencial de Juntos por el Cambio Patricia Bullrich cuestion\u00f3 a su rival en la interna, Horacio Rodr\u00edguez Larreta, por declaraciones de su entorno que &#8220;coinciden casi punto por punto con las mismas que reparten el kirchnerismo&#8221;. D\u00edas atr\u00e1s, durante una entrevista radial el diputado nacional de la Coalici\u00f3n C\u00edvica-ARI Juan Manuel L\u00f3pez hab\u00eda advertido que una Presidencia de Bullrich podr\u00eda terminar con&#8230;<\/p>\n","protected":false},"author":3,"featured_media":104299,"comment_status":"closed","ping_status":"closed","sticky":false,"template":"","format":"standard","meta":[],"categories":[18],"tags":[],"_links":{"self":[{"href":"https:\/\/www.actualidadadiario.com\/index.php\/wp-json\/wp\/v2\/posts\/104984"}],"collection":[{"href":"https:\/\/www.actualidadadiario.com\/index.php\/wp-json\/wp\/v2\/posts"}],"about":[{"href":"https:\/\/www.actualidadadiario.com\/index.php\/wp-json\/wp\/v2\/types\/post"}],"author":[{"embeddable":true,"href":"https:\/\/www.actualidadadiario.com\/index.php\/wp-json\/wp\/v2\/users\/3"}],"replies":[{"embeddable":true,"href":"https:\/\/www.actualidadadiario.com\/index.php\/wp-json\/wp\/v2\/comments?post=104984"}],"version-history":[{"count":1,"href":"https:\/\/www.actualidadadiario.com\/index.php\/wp-json\/wp\/v2\/posts\/104984\/revisions"}],"predecessor-version":[{"id":104985,"href":"https:\/\/www.actualidadadiario.com\/index.php\/wp-json\/wp\/v2\/posts\/104984\/revisions\/104985"}],"wp:featuredmedia":[{"embeddable":true,"href":"https:\/\/www.actualidadadiario.com\/index.php\/wp-json\/wp\/v2\/media\/104299"}],"wp:attachment":[{"href":"https:\/\/www.actualidadadiario.com\/index.php\/wp-json\/wp\/v2\/media?parent=104984"}],"wp:term":[{"taxonomy":"category","embeddable":true,"href":"https:\/\/www.actualidadadiario.com\/index.php\/wp-json\/wp\/v2\/categories?post=104984"},{"taxonomy":"post_tag","embeddable":true,"href":"https:\/\/www.actualidadadiario.com\/index.php\/wp-json\/wp\/v2\/tags?post=104984"}],"curies":[{"name":"wp","href":"https:\/\/api.w.org\/{rel}","templated":true}]}}