{"id":104980,"date":"2023-07-18T13:47:15","date_gmt":"2023-07-18T16:47:15","guid":{"rendered":"https:\/\/www.actualidadadiario.com\/?p=104980"},"modified":"2023-07-18T13:47:15","modified_gmt":"2023-07-18T16:47:15","slug":"cumbre-celac-ue-alberto-fernandez-llamo-a-la-paz-en-ucrania-y-reitero-sus-criticas-contra-el-fmi","status":"publish","type":"post","link":"https:\/\/www.actualidadadiario.com\/index.php\/2023\/07\/18\/cumbre-celac-ue-alberto-fernandez-llamo-a-la-paz-en-ucrania-y-reitero-sus-criticas-contra-el-fmi\/","title":{"rendered":"Cumbre Celac-UE: Alberto Fern\u00e1ndez llam\u00f3 a la paz en Ucrania y reiter\u00f3 sus cr\u00edticas contra el FMI"},"content":{"rendered":"<p style=\"text-align: center;\"><em><strong>El mandatario acus\u00f3 a la entidad de cr\u00e9dito de no tener &#8220;tiempo ni voluntades para revisar sus pol\u00edticas de sobrecarga&#8221;. En el marco de la Cumbre, se reuni\u00f3 con la Presidenta de Italia, Georgia Meloni, y har\u00e1 lo propio con Guillermo Lasso<\/strong><\/em><\/p>\n<p>&nbsp;<\/p>\n<p>&nbsp;<\/p>\n<p>El presidente Alberto Fern\u00e1ndez realiz\u00f3 un nuevo llamado a la paz en Ucrania tras la invasi\u00f3n rusa y reclam\u00f3 des-escalar el conflicto en territorio europeo que repercute a nivel mundial. Lo hizo en el marco de la reuni\u00f3n para jefas y jefes de Estado y Gobierno del arco del progresismo de la Uni\u00f3n Europea y la CELAC, coordinada por el Partido de los Socialistas Europeos (PES).<\/p>\n<p>&#8220;La Argentina est\u00e1 convencida de que una soluci\u00f3n duradera a la situaci\u00f3n de Ucrania s\u00f3lo se alcanzar\u00e1 por medios pac\u00edficos y por eso hacemos, una vez m\u00e1s, un llamado a la paz y a des-escalar el conflicto&#8221;, reclam\u00f3 el mandatario ante la mirada atenta de sus pares.<\/p>\n<p>En la misma l\u00ednea, asegur\u00f3 que el &#8220;delicad\u00edsimo&#8221; conflicto abri\u00f3 escenarios de inestabilidad, y reafirm\u00f3 la necesidad de reimpulsar una mesa de negociaciones articulada entre ambas naciones en tensi\u00f3n.<\/p>\n<p>&#8220;Pensar que un pu\u00f1ado de pa\u00edses pueden realizarse en un mundo que no se realiza no solo es injusto, es un objetivo imposible de cumplir&#8221;, expres\u00f3 al tiempo que destac\u00f3 la realizaci\u00f3n de una nueva cumbre entre los bloques, y agreg\u00f3: &#8220;En circunstancias particularmente desafiantes podemos dar un ejemplo concreto de di\u00e1logo pol\u00edtico, siendo capaces de escuchar otras opiniones y de considerar matices&#8221;.<\/p>\n<p>El encuentro que nucle\u00f3 a jefes de Estado y autoridades de los bloques fue convocado por el presidente del PES, Stefan L\u00f6fven, y se llev\u00f3 adelante en Hotel Sofitel Brussels Europe con el objetivo de construir un debate, entre gobiernos progresistas, para fortalecer la cooperaci\u00f3n interregional entre Europa y los Estados latinoamericanos y caribe\u00f1os.<\/p>\n<p>Durante su exposici\u00f3n, Alberto Fern\u00e1ndez plante\u00f3 que el mundo necesita nuevas formas de asociaci\u00f3n entre regiones, con foco en la generaci\u00f3n de empleo y el desarrollo de posibilidades para que Am\u00e9rica Latina y el Caribe &#8220;no quede acotado a la exportaci\u00f3n de materias primas&#8221;.<\/p>\n<p>&#8220;El calentamiento global, la p\u00e9rdida de biodiversidad y la contaminaci\u00f3n son realidades absolutamente indiscutibles. Tampoco es discutible que tenemos que actuar y que debe ser r\u00e1pido, pero las transformaciones necesarias requieren una corriente considerable y sostenida de recursos que permitan su financiamiento&#8221;, remarc\u00f3.<\/p>\n<p>Asimismo, subray\u00f3 que las capacidades de financiamientos de las naciones latinoamericanas son acotadas y reiter\u00f3 la necesidad de reformar la arquitectura financiera internacional. En sinton\u00eda con su discurso emitido durante la sesi\u00f3n inaugural, el jefe de Estado cuestion\u00f3 al Fondo Monetario Internacional (FMI).<\/p>\n<p>&#8220;Luego de una pandemia como la humanidad no hab\u00eda visto en cien a\u00f1os, la guerra y los efectos dram\u00e1ticos del cambio clim\u00e1tico, el Fondo Monetario Internacional no ha podido encontrar el tiempo y las voluntades para revisar su pol\u00edtica de sobrecargos y el capital disponible de los bancos de desarrollo contin\u00faa siendo insuficiente&#8221;, sostuvo en el marco de las negociaciones que protagoniza el ministro de Econom\u00eda y precandidato a presidente por Uni\u00f3n por la Patria, Sergio Massa, con la entidad de cr\u00e9dito.<\/p>\n<p>Durante el transcurso de \u00faltima jornada para adherir al documento final de la Cumbre, el Presidente plante\u00f3 que los pa\u00edses en desarrollo deben apostar a &#8220;una inserci\u00f3n m\u00e1s plena y virtuosa en las cadenas de valor y ser receptores de un volumen de financiamiento sustantivo&#8221;.<\/p>\n<p>Del intercambio participaron adem\u00e1s sus pares Luiz In\u00e1cio &#8220;Lula&#8221; da Silva (Brasil); Gabriel Boric (Chile); Gustavo Petro (Colombia); la secretaria de Relaciones Exteriores de M\u00e9xico, Alicia B\u00e1rcena; el canciller de Alemania, Olaf Scholz; el presidente del Gobierno de Espa\u00f1a, Pedro S\u00e1nchez; y los primeros Ministros de Dinamarca y Portugal, Mette Frederiksen y Ant\u00f3nio Costa.<\/p>\n<p>Entre los funcionarios de la Uni\u00f3n Europea dieron el presente el Alto Representante Josep Borrell; el vicepresidente Ejecutivo de la Comisi\u00f3n Europea para el Pacto Verde, Frans Timmermans; y la comisaria de Cooperaci\u00f3n Internacional, Jutta Urpilainen.<\/p>\n<p>Tambi\u00e9n asistieron la presidenta de la Alianza Progresista de Socialistas y Dem\u00f3cratas en el Parlamento Europeo, Iratxe Garc\u00eda; la secretaria General del Partido Democr\u00e1tico de Italia, Elly Schlein; y los directivos y la directiva de PES, Achim Post, Giacomo Filibeck, Yonnec Polet y Saar Van Bueren.<\/p>\n<p>Tras participar de la sesi\u00f3n plenaria, el mandatario se entrevist\u00f3 con primer ministro de la Rep\u00fablica de Polonia, Mateusz Morawiecki; con la Presidenta de Italia, Georgia Meloni, con quien analiz\u00f3 los mecanismo para sostener los canales de cooperaci\u00f3n y di\u00e1logo; y con el ministro de Chipre, Nikos Christodoulides.<\/p>\n<p>Por la tarde har\u00e1 lo propio con el presidente de Ecuador, Guillermo Lasso, con quien mantiene una tensa relaci\u00f3n luego de que el ecuatoriano lo acusara de colaborar en la fuga de la exfuncionaria correista Mar\u00eda de los \u00c1ngeles Duarte.<\/p>\n","protected":false},"excerpt":{"rendered":"<p>El mandatario acus\u00f3 a la entidad de cr\u00e9dito de no tener &#8220;tiempo ni voluntades para revisar sus pol\u00edticas de sobrecarga&#8221;. En el marco de la Cumbre, se reuni\u00f3 con la Presidenta de Italia, Georgia Meloni, y har\u00e1 lo propio con Guillermo Lasso &nbsp; &nbsp; El presidente Alberto Fern\u00e1ndez realiz\u00f3 un nuevo llamado a la paz en Ucrania tras la invasi\u00f3n rusa y reclam\u00f3 des-escalar el conflicto en territorio europeo que repercute a nivel mundial. Lo hizo en el marco de la reuni\u00f3n para jefas y jefes de Estado y Gobierno&#8230;<\/p>\n","protected":false},"author":3,"featured_media":104981,"comment_status":"closed","ping_status":"closed","sticky":false,"template":"","format":"standard","meta":[],"categories":[18],"tags":[],"_links":{"self":[{"href":"https:\/\/www.actualidadadiario.com\/index.php\/wp-json\/wp\/v2\/posts\/104980"}],"collection":[{"href":"https:\/\/www.actualidadadiario.com\/index.php\/wp-json\/wp\/v2\/posts"}],"about":[{"href":"https:\/\/www.actualidadadiario.com\/index.php\/wp-json\/wp\/v2\/types\/post"}],"author":[{"embeddable":true,"href":"https:\/\/www.actualidadadiario.com\/index.php\/wp-json\/wp\/v2\/users\/3"}],"replies":[{"embeddable":true,"href":"https:\/\/www.actualidadadiario.com\/index.php\/wp-json\/wp\/v2\/comments?post=104980"}],"version-history":[{"count":1,"href":"https:\/\/www.actualidadadiario.com\/index.php\/wp-json\/wp\/v2\/posts\/104980\/revisions"}],"predecessor-version":[{"id":104982,"href":"https:\/\/www.actualidadadiario.com\/index.php\/wp-json\/wp\/v2\/posts\/104980\/revisions\/104982"}],"wp:featuredmedia":[{"embeddable":true,"href":"https:\/\/www.actualidadadiario.com\/index.php\/wp-json\/wp\/v2\/media\/104981"}],"wp:attachment":[{"href":"https:\/\/www.actualidadadiario.com\/index.php\/wp-json\/wp\/v2\/media?parent=104980"}],"wp:term":[{"taxonomy":"category","embeddable":true,"href":"https:\/\/www.actualidadadiario.com\/index.php\/wp-json\/wp\/v2\/categories?post=104980"},{"taxonomy":"post_tag","embeddable":true,"href":"https:\/\/www.actualidadadiario.com\/index.php\/wp-json\/wp\/v2\/tags?post=104980"}],"curies":[{"name":"wp","href":"https:\/\/api.w.org\/{rel}","templated":true}]}}