{"id":104978,"date":"2023-07-18T13:46:29","date_gmt":"2023-07-18T16:46:29","guid":{"rendered":"https:\/\/www.actualidadadiario.com\/?p=104978"},"modified":"2023-07-18T13:46:29","modified_gmt":"2023-07-18T16:46:29","slug":"acuerdo-con-el-fmi-la-comitiva-de-massa-viaja-a-washington-para-cerrar-la-negociacion","status":"publish","type":"post","link":"https:\/\/www.actualidadadiario.com\/index.php\/2023\/07\/18\/acuerdo-con-el-fmi-la-comitiva-de-massa-viaja-a-washington-para-cerrar-la-negociacion\/","title":{"rendered":"Acuerdo con el FMI: la comitiva de Massa viaja a Washington para cerrar la negociaci\u00f3n"},"content":{"rendered":"<p style=\"text-align: center;\"><em><strong>La comitiva est\u00e1 encabezada por el viceministro de Econom\u00eda, Gabriel Rubinstein, el vicepresidente del Banco Central, Lisandro Cleri, y el jefe de gabinete de asesores, Leonardo Madcur<\/strong><\/em><\/p>\n<p>&nbsp;<\/p>\n<p>&nbsp;<\/p>\n<p>El equipo econ\u00f3mico del enviado por el ministro de Econom\u00eda, Sergio Massa, viaj\u00f3 a Washington en la noche del lunes con el objetivo de finalizar el acuerdo t\u00e9cnico con el Fondo Monetario Internacional (FMI). Se esperan definiciones clave sobre el final de la semana, incluyendo un adelanto en los desembolsos por parte del organismo multilateral.<\/p>\n<p>Una conversaci\u00f3n crucial entre Massa y la directora del FMI, Kristalina Georgieva, durante el fin de semana ayud\u00f3 a desbloquear las negociaciones en las que el Gobierno de Estados Unidos juega un papel crucial. Bas\u00e1ndose en dicho di\u00e1logo, Massa concluy\u00f3 que se podr\u00eda alcanzar un acuerdo t\u00e9cnico este viernes, seg\u00fan se\u00f1alaron fuentes del Palacio de Hacienda.<\/p>\n<p>En consecuencia, el viceministro de Econom\u00eda, Gabriel Rubinstein; el jefe de Gabinete de Asesores, Leonardo Madcur; y el vicepresidente del Banco Central, Lisandro Cleri, partieron hacia la capital estadounidense para negociar las cl\u00e1usulas del acuerdo con el banco de \u00faltima instancia y acceder a nuevos fondos que inflar\u00e1n las arcas del Banco Central.<\/p>\n<p>En cuanto a los adelantos de los desembolsos, se estima que la cifra podr\u00eda ascender a u$s8.500 millones, aunque desde el Ministerio de Econom\u00eda evitan ser precisos al respecto.<\/p>\n<p>Cabe recordar que los fondos pendientes del programa que Argentina mantiene con el FMI para la segunda mitad del a\u00f1o suman aproximadamente u$s10.400 millones.<\/p>\n<p>&nbsp;<\/p>\n<p><strong>FMI: el inminente anuncio llegar\u00eda esta semana<\/strong><\/p>\n<p>Si las conversaciones llegan a buen puerto, existe la posibilidad de que el ministro y candidato a presidente, Massa, viaje a EEUU para firmar el acuerdo y que el mismo viernes se firme el denominado &#8220;staff level agreement&#8221; (SLA), que luego deber\u00e1 ser aprobado por el Directorio.<\/p>\n<p>Si esto ocurre, Massa lograr\u00eda el acuerdo t\u00e9cnico antes de que el Directorio del FMI entre en receso por las vacaciones de verano, que suelen extenderse a lo largo del mes de agosto. El pacto proporcionar\u00eda mayor estabilidad a los mercados en medio de la campa\u00f1a electoral en curso.<\/p>\n<p>Asimismo, quedar\u00eda por resolver si el acuerdo t\u00e9cnico ser\u00e1 tratado por el Directorio antes del receso de verano, ya que el plazo formal desde la confirmaci\u00f3n del entendimiento hasta su tratamiento por parte de la m\u00e1xima autoridad del organismo suele demorar alrededor de dos semanas.<\/p>\n<p>El Ministerio de Econom\u00eda hab\u00eda solicitado pagar los vencimientos del presente mes por un monto de u$s2.700 millones a fines de julio, en espera de un acuerdo con el organismo.<\/p>\n<p>Recientemente, el titular de esa cartera destac\u00f3 que Argentina est\u00e1 &#8220;muy cerca&#8221; de llegar a un acuerdo con el FMI, subrayando que dicho entendimiento se lograr\u00e1 &#8220;defendiendo una idea de pa\u00eds de desarrollo con inclusi\u00f3n, sin renunciar a la capacidad soberana y sin rendirse ante la austeridad fiscal&#8221;.<\/p>\n<p>Massa enfatiz\u00f3 que las negociaciones con el FMI en este momento requieren una visi\u00f3n propositiva, una determinaci\u00f3n para defender los intereses del pa\u00eds y una convicci\u00f3n sobre c\u00f3mo establecer prioridades.<\/p>\n<p>Desde el FMI, la vocera Julie Kozack se\u00f1al\u00f3 la semana pasada que el enfoque de estas discusiones se centra en alternativas para fortalecer el programa de las autoridades argentinas.<\/p>\n<p>Reconociendo el impacto de la sequ\u00eda en la econom\u00eda, esto incluye la revisi\u00f3n de pol\u00edticas para garantizar la estabilidad, fortalecer la acumulaci\u00f3n de reservas, mejorar la sostenibilidad fiscal y proteger a los m\u00e1s vulnerables, seg\u00fan Kozack.<\/p>\n","protected":false},"excerpt":{"rendered":"<p>La comitiva est\u00e1 encabezada por el viceministro de Econom\u00eda, Gabriel Rubinstein, el vicepresidente del Banco Central, Lisandro Cleri, y el jefe de gabinete de asesores, Leonardo Madcur &nbsp; &nbsp; El equipo econ\u00f3mico del enviado por el ministro de Econom\u00eda, Sergio Massa, viaj\u00f3 a Washington en la noche del lunes con el objetivo de finalizar el acuerdo t\u00e9cnico con el Fondo Monetario Internacional (FMI). Se esperan definiciones clave sobre el final de la semana, incluyendo un adelanto en los desembolsos por parte del organismo multilateral. Una conversaci\u00f3n crucial entre Massa y&#8230;<\/p>\n","protected":false},"author":3,"featured_media":85008,"comment_status":"closed","ping_status":"closed","sticky":false,"template":"","format":"standard","meta":[],"categories":[18],"tags":[],"_links":{"self":[{"href":"https:\/\/www.actualidadadiario.com\/index.php\/wp-json\/wp\/v2\/posts\/104978"}],"collection":[{"href":"https:\/\/www.actualidadadiario.com\/index.php\/wp-json\/wp\/v2\/posts"}],"about":[{"href":"https:\/\/www.actualidadadiario.com\/index.php\/wp-json\/wp\/v2\/types\/post"}],"author":[{"embeddable":true,"href":"https:\/\/www.actualidadadiario.com\/index.php\/wp-json\/wp\/v2\/users\/3"}],"replies":[{"embeddable":true,"href":"https:\/\/www.actualidadadiario.com\/index.php\/wp-json\/wp\/v2\/comments?post=104978"}],"version-history":[{"count":1,"href":"https:\/\/www.actualidadadiario.com\/index.php\/wp-json\/wp\/v2\/posts\/104978\/revisions"}],"predecessor-version":[{"id":104979,"href":"https:\/\/www.actualidadadiario.com\/index.php\/wp-json\/wp\/v2\/posts\/104978\/revisions\/104979"}],"wp:featuredmedia":[{"embeddable":true,"href":"https:\/\/www.actualidadadiario.com\/index.php\/wp-json\/wp\/v2\/media\/85008"}],"wp:attachment":[{"href":"https:\/\/www.actualidadadiario.com\/index.php\/wp-json\/wp\/v2\/media?parent=104978"}],"wp:term":[{"taxonomy":"category","embeddable":true,"href":"https:\/\/www.actualidadadiario.com\/index.php\/wp-json\/wp\/v2\/categories?post=104978"},{"taxonomy":"post_tag","embeddable":true,"href":"https:\/\/www.actualidadadiario.com\/index.php\/wp-json\/wp\/v2\/tags?post=104978"}],"curies":[{"name":"wp","href":"https:\/\/api.w.org\/{rel}","templated":true}]}}