{"id":104975,"date":"2023-07-18T13:33:39","date_gmt":"2023-07-18T16:33:39","guid":{"rendered":"https:\/\/www.actualidadadiario.com\/?p=104975"},"modified":"2023-07-18T13:33:39","modified_gmt":"2023-07-18T16:33:39","slug":"el-congreso-vuelve-a-sesionar-despues-de-las-paso-y-ahora-funciona-solo-para-visitas-guiadas","status":"publish","type":"post","link":"https:\/\/www.actualidadadiario.com\/index.php\/2023\/07\/18\/el-congreso-vuelve-a-sesionar-despues-de-las-paso-y-ahora-funciona-solo-para-visitas-guiadas\/","title":{"rendered":"El Congreso vuelve a sesionar despu\u00e9s de las PASO y ahora funciona s\u00f3lo para visitas guiadas"},"content":{"rendered":"<p style=\"text-align: center;\"><em><strong>La primera sesi\u00f3n se har\u00e1 para modificar la ley de Alquileres. En agosto vuelve la comisi\u00f3n de juicio pol\u00edtico<\/strong><\/em><\/p>\n<p>&nbsp;<\/p>\n<p>&nbsp;<\/p>\n<p>La agenda oficial del Congreso de la Naci\u00f3n est\u00e1 copada por reservas para visitas guiadas mientras dure el receso invernal. La primera ceremonia difundida est\u00e1 fechada reci\u00e9n para el pr\u00f3ximo 1 de agosto, cuando vuelva a reunirse la Comisi\u00f3n de Juicio Pol\u00edtico en la C\u00e1mara de Diputados.<\/p>\n<p>Tanto desde la bancada oficialista como desde el interbloque opositor aseguraron que la primera sesi\u00f3n se producir\u00eda despu\u00e9s de las PASO para darle tratamiento a las modificaciones a la Ley de Alquileres.<\/p>\n<p>La inactividad, por otra parte, alcanza tambi\u00e9n al Senado, donde la mayor\u00eda de los legisladores se encuentra comprometida con los procesos electorales de sus respectivas provincias o la campa\u00f1a a nivel nacional.<\/p>\n","protected":false},"excerpt":{"rendered":"<p>La primera sesi\u00f3n se har\u00e1 para modificar la ley de Alquileres. En agosto vuelve la comisi\u00f3n de juicio pol\u00edtico &nbsp; &nbsp; La agenda oficial del Congreso de la Naci\u00f3n est\u00e1 copada por reservas para visitas guiadas mientras dure el receso invernal. La primera ceremonia difundida est\u00e1 fechada reci\u00e9n para el pr\u00f3ximo 1 de agosto, cuando vuelva a reunirse la Comisi\u00f3n de Juicio Pol\u00edtico en la C\u00e1mara de Diputados. Tanto desde la bancada oficialista como desde el interbloque opositor aseguraron que la primera sesi\u00f3n se producir\u00eda despu\u00e9s de las PASO para&#8230;<\/p>\n","protected":false},"author":3,"featured_media":104976,"comment_status":"closed","ping_status":"closed","sticky":false,"template":"","format":"standard","meta":[],"categories":[18],"tags":[],"_links":{"self":[{"href":"https:\/\/www.actualidadadiario.com\/index.php\/wp-json\/wp\/v2\/posts\/104975"}],"collection":[{"href":"https:\/\/www.actualidadadiario.com\/index.php\/wp-json\/wp\/v2\/posts"}],"about":[{"href":"https:\/\/www.actualidadadiario.com\/index.php\/wp-json\/wp\/v2\/types\/post"}],"author":[{"embeddable":true,"href":"https:\/\/www.actualidadadiario.com\/index.php\/wp-json\/wp\/v2\/users\/3"}],"replies":[{"embeddable":true,"href":"https:\/\/www.actualidadadiario.com\/index.php\/wp-json\/wp\/v2\/comments?post=104975"}],"version-history":[{"count":1,"href":"https:\/\/www.actualidadadiario.com\/index.php\/wp-json\/wp\/v2\/posts\/104975\/revisions"}],"predecessor-version":[{"id":104977,"href":"https:\/\/www.actualidadadiario.com\/index.php\/wp-json\/wp\/v2\/posts\/104975\/revisions\/104977"}],"wp:featuredmedia":[{"embeddable":true,"href":"https:\/\/www.actualidadadiario.com\/index.php\/wp-json\/wp\/v2\/media\/104976"}],"wp:attachment":[{"href":"https:\/\/www.actualidadadiario.com\/index.php\/wp-json\/wp\/v2\/media?parent=104975"}],"wp:term":[{"taxonomy":"category","embeddable":true,"href":"https:\/\/www.actualidadadiario.com\/index.php\/wp-json\/wp\/v2\/categories?post=104975"},{"taxonomy":"post_tag","embeddable":true,"href":"https:\/\/www.actualidadadiario.com\/index.php\/wp-json\/wp\/v2\/tags?post=104975"}],"curies":[{"name":"wp","href":"https:\/\/api.w.org\/{rel}","templated":true}]}}