{"id":104965,"date":"2023-07-18T13:09:54","date_gmt":"2023-07-18T16:09:54","guid":{"rendered":"https:\/\/www.actualidadadiario.com\/?p=104965"},"modified":"2023-07-18T13:09:54","modified_gmt":"2023-07-18T16:09:54","slug":"por-acuerdos-de-precios-la-inflacion-de-julio-apunta-a-ser-similar-a-la-de-junio","status":"publish","type":"post","link":"https:\/\/www.actualidadadiario.com\/index.php\/2023\/07\/18\/por-acuerdos-de-precios-la-inflacion-de-julio-apunta-a-ser-similar-a-la-de-junio\/","title":{"rendered":"Por acuerdos de precios, la inflaci\u00f3n de julio apunta a ser similar a la de junio"},"content":{"rendered":"<p style=\"text-align: center;\"><em><strong>Si bien el mercado hab\u00eda pronosticado una desaceleraci\u00f3n transitoria, la inflaci\u00f3n de julio se perfila para ser cercana al 6% que sorprendi\u00f3 en junio. \u00bfQu\u00e9 dicen los especialistas?<\/strong><\/em><\/p>\n<p>&nbsp;<\/p>\n<p>&nbsp;<\/p>\n<p>&nbsp;<\/p>\n<p>Pese a que el mercado anticipa que la desaceleraci\u00f3n en la inflaci\u00f3n es transitoria, julio apunta a mantener la din\u00e1mica de junio. Si bien los precios estacionales volver\u00e1n a apretar el acelerador, sobre todo por las vacaciones de invierno, los regulados y los acuerdos de precios empujar\u00e1n hacia abajo el IPC de julio. Tambi\u00e9n ayudar\u00e1 el precio de la carne, contenido por una mayor faena de los animales y la renovaci\u00f3n el programa cortes cuidados hasta despu\u00e9s de las PASO. En lo que va del mes, los precios en los supermercados mostraron una din\u00e1mica sin sobresaltos respecto de junio. Entre analistas coincidieron en que hacia adelante volver\u00e1n las aceleraciones.<\/p>\n<p>A diferencia de lo que pas\u00f3 en junio con una desaceleraci\u00f3n inflacionaria explicada por una menor estacionalidad, en julio ese factor positivo se revertir\u00e1 al ser un mes en el que &#8220;los servicios asociados al turismo y el ocio suelen ajustar por las vacaciones invernales&#8221;, seg\u00fan un informe difundido por Fundaci\u00f3n Capital, que se\u00f1al\u00f3 que el IPC del mes podr\u00e1 empezar con 6%. La consultora estim\u00f3 que &#8220;los estacionales le sumar\u00edan casi un punto y medio al IPC&#8221;, es decir 1,4 puntos porcentuales contra 0,1 puntos que le sumaron en junio.<\/p>\n<p>Por el contrario, los factores que acercar\u00e1n el \u00edndice de inflaci\u00f3n de julio al de junio ser\u00e1n, por un lado, los precios regulados: gas y electricidad no tendr\u00e1n subas significativas, contrario a los meses anteriores, mientras que el cronograma de alzas en comunicaciones ser\u00e1 de al rededor del 4,5% mensual, el incremento en prepagas ser\u00e1 de 8,5%, el transporte p\u00fablico del AMBA subir\u00e1 un 6% y las petroleras volver\u00e1n a aumentar las naftas en un 4%.<\/p>\n<p>Por lo tanto, la consultora fundada por Mart\u00edn Redrado calcul\u00f3 que &#8220;los precios regulados sumar\u00e1n 0,8 puntos al IPC en julio, por debajo de los 1,3 puntos de junio&#8221;, y remarc\u00f3 que &#8220;para evidenciar una nueva desaceleraci\u00f3n en julio, la inflaci\u00f3n n\u00facleo \u2014aquella en la que no se tiene en cuenta la estacionalidad\u2014 deber\u00eda descender un escal\u00f3n m\u00e1s&#8221;.<\/p>\n<p>En la misma l\u00ednea, Equilibra coincidi\u00f3 en que &#8220;uno de los elementos que anclar\u00e1n las subas en los pr\u00f3ximos meses ser\u00e1n los precios regulados&#8221; y advirti\u00f3 que &#8220;los productos estacionales (frutas, verduras, prendas de vestir, hoteles y m\u00e1s) dejar\u00edan de contribuir a moderar la inflaci\u00f3n en los pr\u00f3ximos meses, ya que julio, septiembre y octubre son meses con mayores subas estacionales&#8221;.<\/p>\n<p>Adem\u00e1s, por el otro lado, Fundaci\u00f3n Capital hizo hincapi\u00e9 en que el Gobierno volvi\u00f3 a &#8220;apostar al relanzamiento de distintos acuerdos de precios, donde la moneda de cambio para las empresas es tanto la aprobaci\u00f3n de SIRAs para importar, como la participaci\u00f3n en el programa de financiamiento Ahora 12&#8221; y remarc\u00f3 que acordaron un congelamiento en los precios de electrodom\u00e9sticos, indumentaria, electr\u00f3nica, bicicletas y motos, &#8220;que en conjunto representan el 13,8% de la canasta del IPC&#8221;.<\/p>\n<p>Y agreg\u00f3: &#8220;Para los productos de consumo masivo, se mantuvo la pauta de aumento mensual m\u00e1ximo del 5%, donde los alimentos y bebidas comprenden al 23,4% y los de cuidado personal en torno al 3%. En un escenario de m\u00e1xima, donde los acuerdos se cumplen en su totalidad, aportar\u00edan una reducci\u00f3n de 1,5 puntos porcentuales al IPC de julio, y podr\u00eda incluso mostrar un 5 por delante&#8221;.<\/p>\n<p>Aunque luego el informe aclar\u00f3: &#8220;Dif\u00edcilmente el cumplimiento sea total. En cuanto a los productos de consumo masivo, dos tercios de las ventas se realizan en autoservicios y negocios especializados (como verduler\u00edas, panader\u00edas, carnicer\u00eda, etc.), donde los acuerdos no llegan, pero donde se relevan precios para el IPC&#8221;.<\/p>\n<p>Y remat\u00f3: &#8220;Todo esto hace que los precios pactados no s\u00f3lo no funcionen como referencia, sino que tambi\u00e9n al finalizar los acuerdos, presionen para acomodarse recuperando el terreno perdido. Entendemos que los acuerdos de precios pueden tener un impacto de corto plazo, de manera similar a lo acontecido a fin del a\u00f1o pasado. As\u00ed, el IPC del s\u00e9ptimo mes podr\u00eda volver a ubicarse en torno al 6%, aunque dif\u00edcilmente profundice la baja&#8221;<\/p>\n<p>&nbsp;<\/p>\n<p><strong>Inflaci\u00f3n de Julio: aumentos en supermercados <\/strong><\/p>\n<p>El indicador de precios en supermercados que elabora todas las semanas el Centro de Estudios Econ\u00f3micos y Sociales Scalabrini Ort\u00edz (CESO) marc\u00f3 para julio unos aumentos que vienen por debajo de las variaciones de junio. Al acumular las primeras tres semanas del mes, las subas llegan al 5,6%. En junio esas tres primeras semanas hab\u00edan acumulado 6,2%.<\/p>\n<p>Para adelante, la proyecci\u00f3n apunta a nuevas aceleraciones. &#8220;Creemos que la relativa calma en la que nos encontramos podr\u00eda llegar a su fin en septiembre\/octubre y que el cierre del a\u00f1o ser\u00eda m\u00e1s inflacionario. Esto se acentuar\u00eda si se concreta una correcci\u00f3n del d\u00f3lar oficial a comienzos de la nueva administraci\u00f3n. En definitiva, la inflaci\u00f3n del segundo semestre ser\u00eda similar o mayor al 7,1% promedio mensual observado durante la primera mitad del a\u00f1o&#8221;, consider\u00f3 Equilibra.<\/p>\n<p>Fundaci\u00f3n Capital tambi\u00e9n puso el foco en que &#8220;la moderaci\u00f3n inflacionaria dif\u00edcilmente se sostenga en el tiempo, con una emisi\u00f3n monetaria creciente y un riesgo de brecha elevado&#8221;, y anticip\u00f3 que el IPC 2023 &#8220;concluir\u00eda en torno al 140%&#8221;.<\/p>\n<p>Con una din\u00e1mica inflacionaria de julio encaminada a replicar la calma de junio, los analistas mantienen las expectativas en las elecciones y en lo que puede suceder con la pol\u00edtica cambiaria con un nuevo gobierno.<\/p>\n","protected":false},"excerpt":{"rendered":"<p>Si bien el mercado hab\u00eda pronosticado una desaceleraci\u00f3n transitoria, la inflaci\u00f3n de julio se perfila para ser cercana al 6% que sorprendi\u00f3 en junio. \u00bfQu\u00e9 dicen los especialistas? &nbsp; &nbsp; &nbsp; Pese a que el mercado anticipa que la desaceleraci\u00f3n en la inflaci\u00f3n es transitoria, julio apunta a mantener la din\u00e1mica de junio. Si bien los precios estacionales volver\u00e1n a apretar el acelerador, sobre todo por las vacaciones de invierno, los regulados y los acuerdos de precios empujar\u00e1n hacia abajo el IPC de julio. Tambi\u00e9n ayudar\u00e1 el precio de la&#8230;<\/p>\n","protected":false},"author":3,"featured_media":104540,"comment_status":"closed","ping_status":"closed","sticky":false,"template":"","format":"standard","meta":[],"categories":[2],"tags":[],"_links":{"self":[{"href":"https:\/\/www.actualidadadiario.com\/index.php\/wp-json\/wp\/v2\/posts\/104965"}],"collection":[{"href":"https:\/\/www.actualidadadiario.com\/index.php\/wp-json\/wp\/v2\/posts"}],"about":[{"href":"https:\/\/www.actualidadadiario.com\/index.php\/wp-json\/wp\/v2\/types\/post"}],"author":[{"embeddable":true,"href":"https:\/\/www.actualidadadiario.com\/index.php\/wp-json\/wp\/v2\/users\/3"}],"replies":[{"embeddable":true,"href":"https:\/\/www.actualidadadiario.com\/index.php\/wp-json\/wp\/v2\/comments?post=104965"}],"version-history":[{"count":1,"href":"https:\/\/www.actualidadadiario.com\/index.php\/wp-json\/wp\/v2\/posts\/104965\/revisions"}],"predecessor-version":[{"id":104966,"href":"https:\/\/www.actualidadadiario.com\/index.php\/wp-json\/wp\/v2\/posts\/104965\/revisions\/104966"}],"wp:featuredmedia":[{"embeddable":true,"href":"https:\/\/www.actualidadadiario.com\/index.php\/wp-json\/wp\/v2\/media\/104540"}],"wp:attachment":[{"href":"https:\/\/www.actualidadadiario.com\/index.php\/wp-json\/wp\/v2\/media?parent=104965"}],"wp:term":[{"taxonomy":"category","embeddable":true,"href":"https:\/\/www.actualidadadiario.com\/index.php\/wp-json\/wp\/v2\/categories?post=104965"},{"taxonomy":"post_tag","embeddable":true,"href":"https:\/\/www.actualidadadiario.com\/index.php\/wp-json\/wp\/v2\/tags?post=104965"}],"curies":[{"name":"wp","href":"https:\/\/api.w.org\/{rel}","templated":true}]}}