{"id":104960,"date":"2023-07-18T13:02:39","date_gmt":"2023-07-18T16:02:39","guid":{"rendered":"https:\/\/www.actualidadadiario.com\/?p=104960"},"modified":"2023-07-18T13:02:39","modified_gmt":"2023-07-18T16:02:39","slug":"elecciones-2023-conoce-todas-las-boletas-que-competiran-en-las-paso","status":"publish","type":"post","link":"https:\/\/www.actualidadadiario.com\/index.php\/2023\/07\/18\/elecciones-2023-conoce-todas-las-boletas-que-competiran-en-las-paso\/","title":{"rendered":"Elecciones 2023: conoc\u00e9 todas las boletas que competir\u00e1n en las PASO"},"content":{"rendered":"<p style=\"text-align: center;\"><em><strong>De las 27 papeletas, la mayor\u00eda\u00a0 lleva la foto de los dos integrantes de la f\u00f3rmula, tres tienen s\u00f3lo al postulante presidencial y una opt\u00f3 por incluir \u00fanicamente los nombres de los postulantes<\/strong><\/em><\/p>\n<p>&nbsp;<\/p>\n<p>&nbsp;<\/p>\n<p>Las boletas de los 27 precandidatos presidenciales que competir\u00e1n en las PASO del 13 de agosto fueron dadas a conocer por la C\u00e1mara Nacional Electoral (CNE).<\/p>\n<p>Las im\u00e1genes permiten que el elector conozca de antemano, antes de ingresar al cuarto oscuro, cu\u00e1l ser\u00e1 la oferta que tendr\u00e1 en el lugar de votaci\u00f3n.<\/p>\n<p>Antes de que la CNE difundiera las boletas presidenciales, algunos espacios ya hab\u00edan dado a conocer los dise\u00f1os elegidos para competir en las elecciones Primarias, Abiertas, Simult\u00e1neas y Obligatorias (PASO), que se llevar\u00e1n a cabo el domingo 13 de agosto.<\/p>\n<p>De las 27 boletas, 23 llevan la foto de los dos integrantes de la f\u00f3rmula, tres tienen s\u00f3lo al postulante presidencial y una opt\u00f3 por incluir \u00fanicamente los nombres de los aspirantes.<\/p>\n<p>Un total de 35.394.425 personas est\u00e1n habilitadas para sufragar este a\u00f1o en 104.577 mesas distribuidas a lo largo del pa\u00eds.<\/p>\n<p>&nbsp;<\/p>\n<p><strong>Las boletas de los precandidatos presidenciales<\/strong><\/p>\n<p><strong>Uni\u00f3n por la Patria<\/strong> tendr\u00e1 competencia interna con las f\u00f3rmulas integradas por Sergio Massa y Agust\u00edn Rossi y por Juan Grabois y Paula Abal Medina.<\/p>\n<p><strong>Juntos por el Cambio<\/strong> dirimir\u00e1 su interna con el duelo electoral entre los binomios Horacio Rodr\u00edguez Larreta-Gerardo Morales y Patricia Bullrich-Luis Petri.<\/p>\n<p>Con la esperanza de tallar y poder meterse en un eventual balotaje, Javier Milei competir\u00e1 acompa\u00f1ado por Victoria Villarruel en representaci\u00f3n de <strong>La Libertad Avanza<\/strong>.<\/p>\n<p>En b\u00fasqueda de romper la grieta, <strong>Hacemos por Nuestro Pa\u00eds<\/strong> tendr\u00e1 en los cuartos oscuro la boleta de la f\u00f3rmula Juan Schiaretti-Florencio Randazzo.<\/p>\n<p>El Frente de Izquierda y de los Trabajadores-Unidad ir\u00e1 a internas con dos propuestas: por un lado la f\u00f3rmula Myriam Bregman-Nicol\u00e1s Del Ca\u00f1o y por el otro, Gabriel Solano-Vilma Ripoll.<\/p>\n<p><strong>La Izquierda<\/strong> tendr\u00e1 otras opciones electorales estas PASO, como la del MAS (Manuela Casta\u00f1eira-Lucas Ruiz) y la de Pol\u00edtica Obrera (Marcelo Ramal-Patricia Urones).<\/p>\n<p><strong>Libres del Sur<\/strong> ir\u00e1 a las PASO con su f\u00f3rmula Jes\u00fas Escobar-Marianella Lezama Hid.<\/p>\n<p>La<strong> Uced\u00e9<\/strong> volver\u00e1 a competir por la Casa Rosada de la mano del precandidato presidencial Andr\u00e9s Gabriel Passamonti y su compa\u00f1era de f\u00f3rmula, Pamela Fern\u00e1ndez Margaride.<\/p>\n<p>El espacio <strong>Liber.AR<\/strong> ofrecer\u00e1 a los votantes tres alternativas en su interna: los precandidatos presidenciales ser\u00e1n Nazareno Etchepare, Julio B\u00e1rbaro y Ramiro Eduardo Vasena.<\/p>\n<p><strong>El Movimiento de Acci\u00f3n Vecinal<\/strong> es otro de los partidos chicos que regresar\u00e1 a la competencia por el Sill\u00f3n de Rivadavia de la mano de Ra\u00fal Albarrac\u00edn.<\/p>\n<p>Otro que tambi\u00e9n vuelve es el <strong>Frente Patriota Federal<\/strong>, aunque no lo har\u00e1 de la mano de Alejandro Biondini, sino de su hijo: C\u00e9sar Biondini competir\u00e1 por la Presidencia acompa\u00f1ado por Mar\u00eda Eugenia Avenda\u00f1o.<\/p>\n<p>El espacio <strong>Movimiento Izquierda Juventud Dignidad (MIJD<\/strong>) tendr\u00e1 en los cuartos oscuros de todo el pa\u00eds dos precandidatos presidenciales: Ra\u00fal Castells y Santiago C\u00faneo.<\/p>\n<p><strong>Proyecto Joven<\/strong> competir\u00e1 con el objetivo de llegar al 1,5% de los votos y as\u00ed acceder a las elecciones generales. En estas PASO ir\u00e1 con tres postulantes presidenciales: Mart\u00edn Miguel Ayerbe Ortiz, Mempo Giardinelli y Reina Xiomara Ib\u00e1\u00f1ez.<\/p>\n<p>La interna m\u00e1s multitudinaria en la historia de las elecciones Primarias, Abiertas, Simult\u00e1neas y Obligatorias (PASO) la tendr\u00e1 <strong>Principios y Valores<\/strong>, con cinco postulantes: Guillermo Moreno, Carina Paola Bartolini, Eliodoro Mart\u00ednez, Jorge Eduardo Oliver y Paula Lorena Arias.<\/p>\n","protected":false},"excerpt":{"rendered":"<p>De las 27 papeletas, la mayor\u00eda\u00a0 lleva la foto de los dos integrantes de la f\u00f3rmula, tres tienen s\u00f3lo al postulante presidencial y una opt\u00f3 por incluir \u00fanicamente los nombres de los postulantes &nbsp; &nbsp; Las boletas de los 27 precandidatos presidenciales que competir\u00e1n en las PASO del 13 de agosto fueron dadas a conocer por la C\u00e1mara Nacional Electoral (CNE). Las im\u00e1genes permiten que el elector conozca de antemano, antes de ingresar al cuarto oscuro, cu\u00e1l ser\u00e1 la oferta que tendr\u00e1 en el lugar de votaci\u00f3n. Antes de que&#8230;<\/p>\n","protected":false},"author":3,"featured_media":104961,"comment_status":"closed","ping_status":"closed","sticky":false,"template":"","format":"standard","meta":[],"categories":[9],"tags":[],"_links":{"self":[{"href":"https:\/\/www.actualidadadiario.com\/index.php\/wp-json\/wp\/v2\/posts\/104960"}],"collection":[{"href":"https:\/\/www.actualidadadiario.com\/index.php\/wp-json\/wp\/v2\/posts"}],"about":[{"href":"https:\/\/www.actualidadadiario.com\/index.php\/wp-json\/wp\/v2\/types\/post"}],"author":[{"embeddable":true,"href":"https:\/\/www.actualidadadiario.com\/index.php\/wp-json\/wp\/v2\/users\/3"}],"replies":[{"embeddable":true,"href":"https:\/\/www.actualidadadiario.com\/index.php\/wp-json\/wp\/v2\/comments?post=104960"}],"version-history":[{"count":1,"href":"https:\/\/www.actualidadadiario.com\/index.php\/wp-json\/wp\/v2\/posts\/104960\/revisions"}],"predecessor-version":[{"id":104962,"href":"https:\/\/www.actualidadadiario.com\/index.php\/wp-json\/wp\/v2\/posts\/104960\/revisions\/104962"}],"wp:featuredmedia":[{"embeddable":true,"href":"https:\/\/www.actualidadadiario.com\/index.php\/wp-json\/wp\/v2\/media\/104961"}],"wp:attachment":[{"href":"https:\/\/www.actualidadadiario.com\/index.php\/wp-json\/wp\/v2\/media?parent=104960"}],"wp:term":[{"taxonomy":"category","embeddable":true,"href":"https:\/\/www.actualidadadiario.com\/index.php\/wp-json\/wp\/v2\/categories?post=104960"},{"taxonomy":"post_tag","embeddable":true,"href":"https:\/\/www.actualidadadiario.com\/index.php\/wp-json\/wp\/v2\/tags?post=104960"}],"curies":[{"name":"wp","href":"https:\/\/api.w.org\/{rel}","templated":true}]}}