{"id":104955,"date":"2023-07-18T12:58:11","date_gmt":"2023-07-18T15:58:11","guid":{"rendered":"https:\/\/www.actualidadadiario.com\/?p=104955"},"modified":"2023-07-18T12:58:11","modified_gmt":"2023-07-18T15:58:11","slug":"que-es-menstruar-el-programa-que-oficializo-el-gobierno-para-frenar-la-desigualdad","status":"publish","type":"post","link":"https:\/\/www.actualidadadiario.com\/index.php\/2023\/07\/18\/que-es-menstruar-el-programa-que-oficializo-el-gobierno-para-frenar-la-desigualdad\/","title":{"rendered":"Qu\u00e9 es MenstruAR, el programa que oficializ\u00f3 el Gobierno para frenar la desigualdad"},"content":{"rendered":"<p style=\"text-align: center;\"><em><strong>El Gobierno formaliz\u00f3 en Bolet\u00edn Oficial la creaci\u00f3n de un programa que promueve el acceso igualitario a una gesti\u00f3n menstrual sostenible. La iniciativa alcanzar\u00e1 a m\u00e1s de 12 millones de personas<\/strong><\/em><\/p>\n<p>&nbsp;<\/p>\n<p>&nbsp;<\/p>\n<p>El Gobierno formaliz\u00f3 la creaci\u00f3n de un programa destinado a &#8220;reducir las brechas de desigualdad asociadas al tab\u00fa social de la menstruaci\u00f3n y la discriminaci\u00f3n que sufren las personas menstruantes&#8221;.<\/p>\n<p>Se trata del Programa Nacional MenstruAR, que est\u00e1 dentro de la \u00f3rbita del Ministerio de las Mujeres, G\u00e9neros y Diversidad y que hab\u00eda sido anunciado en mayo pasado por la titular de la cartera, Ayel\u00e9n Mazzina.<\/p>\n<p>La iniciativa fue creada a trav\u00e9s de la Resoluci\u00f3n 393\/2023, firmada por Mazzina y publicada este martes en el Bolet\u00edn Oficial.<\/p>\n<p>&nbsp;<\/p>\n<p><strong>Qu\u00e9 es MenstruAR<\/strong><\/p>\n<p>El prop\u00f3sito apunta a resolver &#8220;la falta de acceso a informaci\u00f3n, productos de gesti\u00f3n menstrual de calidad y servicios sanitarios adecuados para gestionar la menstruaci\u00f3n de manera saludable y sustentable&#8221;.<\/p>\n<p>El Ministerio de las Mujeres, G\u00e9neros y Diversidad justific\u00f3 la medida al se\u00f1alar que &#8220;menstruar exige una inversi\u00f3n econ\u00f3mica que dificulta que miles de mujeres y LGTBI+ menstruantes puedan gestionar adecuadamente su ciclo menstrual, con consecuencias que impactan en los distintos \u00e1mbitos donde desarrollan su vida, el \u00e1mbito social, laboral, escolar, el disfrute del tiempo libre y el esparcimiento&#8221;.<\/p>\n<p>Adem\u00e1s, indic\u00f3 que la menstruaci\u00f3n &#8220;suele tener una connotaci\u00f3n negativa en muchas sociedades asociada a mitos patriarcales que la consideran sucia, contaminante, que interfiere con las actividades productivas, que genera inestabilidad emocional en las personas menstruantes y afecta su juicio&#8221;.<\/p>\n<p>&#8220;En Argentina m\u00e1s de 12.000.000 de personas menstr\u00faan. Los productos de gesti\u00f3n menstrual m\u00e1s utilizados, como los tampones y las toallitas descartables, pueden ser hasta un 50% m\u00e1s costosos que el promedio de los valores de los productos de la canasta b\u00e1sica. Teniendo en cuenta que en un hogar puede haber m\u00e1s de una persona menstruante, esto puede representar una inversi\u00f3n muy elevada para las personas en situaci\u00f3n de vulnerabilidad&#8221;, plante\u00f3 la cartera conducida por Mazzina.<\/p>\n<p>&nbsp;<\/p>\n<p><strong>El pudor de menstruar<\/strong><\/p>\n<p>Seg\u00fan un estudio de UNICEF publicado en 2021 y citado por el Ministerio, casi el 10% de las personas consultadas no van a la escuela durante la menstruaci\u00f3n y el 23% siente verg\u00fcenza o incomodidad.<\/p>\n<p>En Buenos Aires, en la Primera Encuesta de Gesti\u00f3n Menstrual de la Defensor\u00eda del Pueblo bonaerense, llevada a cabo en 2020, casi la mitad de las personas encuestadas manifest\u00f3 haber dejado de ir a la escuela o a la facultad (47,9%), a eventos sociales (43,9%) y m\u00e1s de dos tercios (75,6%) dej\u00f3 de hacer deportes durante la menstruaci\u00f3n.<\/p>\n<p>Para lograr su objetivo, el Ministerio avanzar en capacitaciones sobre gesti\u00f3n menstrual y educaci\u00f3n sexual comunitaria tanto a equipos de gobiernos locales como a organizaciones sociales, as\u00ed como tambi\u00e9n fomentar la producci\u00f3n y utilizaci\u00f3n de productos sustentables para gestionar la menstruaci\u00f3n.<\/p>\n<p>En ese sentido, se proceder\u00e1 a entregar copitas menstruales y toallitas reutilizables a los gobiernos locales &#8220;en el marco de la transici\u00f3n ecosociocultural hacia la sustentabilidad ambiental&#8221;.<\/p>\n","protected":false},"excerpt":{"rendered":"<p>El Gobierno formaliz\u00f3 en Bolet\u00edn Oficial la creaci\u00f3n de un programa que promueve el acceso igualitario a una gesti\u00f3n menstrual sostenible. La iniciativa alcanzar\u00e1 a m\u00e1s de 12 millones de personas &nbsp; &nbsp; El Gobierno formaliz\u00f3 la creaci\u00f3n de un programa destinado a &#8220;reducir las brechas de desigualdad asociadas al tab\u00fa social de la menstruaci\u00f3n y la discriminaci\u00f3n que sufren las personas menstruantes&#8221;. Se trata del Programa Nacional MenstruAR, que est\u00e1 dentro de la \u00f3rbita del Ministerio de las Mujeres, G\u00e9neros y Diversidad y que hab\u00eda sido anunciado en mayo&#8230;<\/p>\n","protected":false},"author":3,"featured_media":104956,"comment_status":"closed","ping_status":"closed","sticky":false,"template":"","format":"standard","meta":[],"categories":[2],"tags":[],"_links":{"self":[{"href":"https:\/\/www.actualidadadiario.com\/index.php\/wp-json\/wp\/v2\/posts\/104955"}],"collection":[{"href":"https:\/\/www.actualidadadiario.com\/index.php\/wp-json\/wp\/v2\/posts"}],"about":[{"href":"https:\/\/www.actualidadadiario.com\/index.php\/wp-json\/wp\/v2\/types\/post"}],"author":[{"embeddable":true,"href":"https:\/\/www.actualidadadiario.com\/index.php\/wp-json\/wp\/v2\/users\/3"}],"replies":[{"embeddable":true,"href":"https:\/\/www.actualidadadiario.com\/index.php\/wp-json\/wp\/v2\/comments?post=104955"}],"version-history":[{"count":1,"href":"https:\/\/www.actualidadadiario.com\/index.php\/wp-json\/wp\/v2\/posts\/104955\/revisions"}],"predecessor-version":[{"id":104957,"href":"https:\/\/www.actualidadadiario.com\/index.php\/wp-json\/wp\/v2\/posts\/104955\/revisions\/104957"}],"wp:featuredmedia":[{"embeddable":true,"href":"https:\/\/www.actualidadadiario.com\/index.php\/wp-json\/wp\/v2\/media\/104956"}],"wp:attachment":[{"href":"https:\/\/www.actualidadadiario.com\/index.php\/wp-json\/wp\/v2\/media?parent=104955"}],"wp:term":[{"taxonomy":"category","embeddable":true,"href":"https:\/\/www.actualidadadiario.com\/index.php\/wp-json\/wp\/v2\/categories?post=104955"},{"taxonomy":"post_tag","embeddable":true,"href":"https:\/\/www.actualidadadiario.com\/index.php\/wp-json\/wp\/v2\/tags?post=104955"}],"curies":[{"name":"wp","href":"https:\/\/api.w.org\/{rel}","templated":true}]}}