{"id":104945,"date":"2023-07-18T12:53:56","date_gmt":"2023-07-18T15:53:56","guid":{"rendered":"https:\/\/www.actualidadadiario.com\/?p=104945"},"modified":"2023-07-18T12:53:56","modified_gmt":"2023-07-18T15:53:56","slug":"arranca-el-debate-sobre-el-convenio-colectivo-de-trabajo-para-la-administracion-publica-entrerriana","status":"publish","type":"post","link":"https:\/\/www.actualidadadiario.com\/index.php\/2023\/07\/18\/arranca-el-debate-sobre-el-convenio-colectivo-de-trabajo-para-la-administracion-publica-entrerriana\/","title":{"rendered":"Arranca el debate sobre el convenio colectivo de trabajo para la administraci\u00f3n p\u00fablica entrerriana"},"content":{"rendered":"<p style=\"text-align: center;\"><em><strong>El dato fue difundido por la secretaria Adjunta de UPCN, Carina Dom\u00ednguez, quien destac\u00f3 la participaci\u00f3n que el personal tendr\u00e1 en el debate. \u201cAl convenio colectivo lo escriben los trabajadores\u201d, subray\u00f3 la dirigente respecto a la negociaci\u00f3n que apuntar\u00e1 a instrumentar un convenio colectivo de trabajo (CCT) para el sector p\u00fablico provincial<\/strong><\/em><\/p>\n<p>&nbsp;<\/p>\n<p>&nbsp;<\/p>\n<p>La Secretaria Adjunta de UPCN, Carina Dom\u00ednguez, destac\u00f3 que las y los trabajadores tendr\u00e1n participaci\u00f3n en la discusi\u00f3n del convenio colectivo para la administraci\u00f3n p\u00fablica entrerriana, aport\u00e1ndole \u201cla impronta de su realidad\u201d. \u201cHay que animarse a dar esta discusi\u00f3n\u201d, inst\u00f3.<\/p>\n<p>\u201cAl convenio colectivo lo escriben los trabajadores\u201d, subray\u00f3 la dirigente respecto al debate que se iniciar\u00e1 la semana pr\u00f3xima con el objetivo de instrumentar un convenio colectivo de trabajo (CCT) para el sector p\u00fablico provincial.<\/p>\n<p>Aclar\u00f3 que \u201cpor supuesto ser\u00e1 junto al Gobierno en una paritaria\u201d, pero remarc\u00f3 que, a diferencia de la ley N\u00ba 9.755 de Empleo P\u00fablico, \u201cque fue escrita por diputados y senadores\u201d, un convenio colectivo \u201ctendr\u00e1 la impronta de la realidad de los trabajadores\u201d.<\/p>\n<p>El encuentro fue fijado para este mi\u00e9rcoles 19 de julio a las 9, seg\u00fan acordaron las representantes de UPCN con el Gobierno provincial en la \u00faltima audiencia paritaria.<\/p>\n<p>Dom\u00ednguez sostuvo que en este debate se deber\u00e1n abordar \u201ctemas que a veces son resistidos, como el concurso, la carrera y la forma de ingreso\u201d. Actualmente est\u00e1n vigentes las recategorizaciones, pero la Secretaria Adjunta entendi\u00f3 que el CCT tendr\u00e1 que incorporar \u201cla promoci\u00f3n vinculada a la capacitaci\u00f3n y a la evaluaci\u00f3n de desempe\u00f1o\u201d. En ese sentido expres\u00f3: \u201cNo hay que tener miedo de hablar de la evaluaci\u00f3n de desempe\u00f1o, porque cuando est\u00e1 hecha correctamente y valora aspectos concretos de la tarea cotidiana del trabajador, es un beneficio para \u00e9l, que queda en el legajo y le permite defenderse. Mientras que, en caso de no estar de acuerdo, puede notificarlo y hacer un descargo\u201d. En cambio, con la normativa actual \u201ccada funcionario valora el desempe\u00f1o de las y los empleados de acuerdo a un criterio totalmente personal\u201d, se\u00f1al\u00f3.<\/p>\n<p>Otro punto que destac\u00f3 es que se deber\u00e1n \u201ccrear comisiones espec\u00edficas que tambi\u00e9n sean paritarias\u201d, entre ellas \u201cla Comisi\u00f3n de Igualdad de Oportunidades y Trato; la de Condiciones y Medio Ambiente de Trabajo, y una Comisi\u00f3n Permanente de Aplicaci\u00f3n y Relaciones Laborales, que ahora no tenemos\u201d. Apunt\u00f3 que hoy \u201cel \u00fanico \u00e1mbito que tenemos para plantear algunas cosas es la paritaria, y bienvenida sea porque hace diez a\u00f1os atr\u00e1s no lo ten\u00edamos. Pero hay que dar un paso m\u00e1s y avanzar en cuanto a los derechos de los trabajadores\u201d, expuso.<\/p>\n<p>Tras aseverar que el Convenio Colectivo de Trabajo \u201ces parte de una pol\u00edtica central para el empleo p\u00fablico\u201d, la dirigente de UPCN remarc\u00f3 que \u201cser\u00e1 beneficioso no s\u00f3lo para los trabajadores, sino que tambi\u00e9n para el propio Estado, porque democratiza las relaciones laborales y permite una discusi\u00f3n sincera de temas que son nuevos\u201d. En ese orden convoc\u00f3: \u201cHay que animarse a dar esta discusi\u00f3n\u201d.<\/p>\n","protected":false},"excerpt":{"rendered":"<p>El dato fue difundido por la secretaria Adjunta de UPCN, Carina Dom\u00ednguez, quien destac\u00f3 la participaci\u00f3n que el personal tendr\u00e1 en el debate. \u201cAl convenio colectivo lo escriben los trabajadores\u201d, subray\u00f3 la dirigente respecto a la negociaci\u00f3n que apuntar\u00e1 a instrumentar un convenio colectivo de trabajo (CCT) para el sector p\u00fablico provincial &nbsp; &nbsp; La Secretaria Adjunta de UPCN, Carina Dom\u00ednguez, destac\u00f3 que las y los trabajadores tendr\u00e1n participaci\u00f3n en la discusi\u00f3n del convenio colectivo para la administraci\u00f3n p\u00fablica entrerriana, aport\u00e1ndole \u201cla impronta de su realidad\u201d. \u201cHay que animarse a&#8230;<\/p>\n","protected":false},"author":3,"featured_media":104946,"comment_status":"closed","ping_status":"closed","sticky":false,"template":"","format":"standard","meta":[],"categories":[9,15],"tags":[],"_links":{"self":[{"href":"https:\/\/www.actualidadadiario.com\/index.php\/wp-json\/wp\/v2\/posts\/104945"}],"collection":[{"href":"https:\/\/www.actualidadadiario.com\/index.php\/wp-json\/wp\/v2\/posts"}],"about":[{"href":"https:\/\/www.actualidadadiario.com\/index.php\/wp-json\/wp\/v2\/types\/post"}],"author":[{"embeddable":true,"href":"https:\/\/www.actualidadadiario.com\/index.php\/wp-json\/wp\/v2\/users\/3"}],"replies":[{"embeddable":true,"href":"https:\/\/www.actualidadadiario.com\/index.php\/wp-json\/wp\/v2\/comments?post=104945"}],"version-history":[{"count":1,"href":"https:\/\/www.actualidadadiario.com\/index.php\/wp-json\/wp\/v2\/posts\/104945\/revisions"}],"predecessor-version":[{"id":104947,"href":"https:\/\/www.actualidadadiario.com\/index.php\/wp-json\/wp\/v2\/posts\/104945\/revisions\/104947"}],"wp:featuredmedia":[{"embeddable":true,"href":"https:\/\/www.actualidadadiario.com\/index.php\/wp-json\/wp\/v2\/media\/104946"}],"wp:attachment":[{"href":"https:\/\/www.actualidadadiario.com\/index.php\/wp-json\/wp\/v2\/media?parent=104945"}],"wp:term":[{"taxonomy":"category","embeddable":true,"href":"https:\/\/www.actualidadadiario.com\/index.php\/wp-json\/wp\/v2\/categories?post=104945"},{"taxonomy":"post_tag","embeddable":true,"href":"https:\/\/www.actualidadadiario.com\/index.php\/wp-json\/wp\/v2\/tags?post=104945"}],"curies":[{"name":"wp","href":"https:\/\/api.w.org\/{rel}","templated":true}]}}