{"id":104939,"date":"2023-07-18T12:51:48","date_gmt":"2023-07-18T15:51:48","guid":{"rendered":"https:\/\/www.actualidadadiario.com\/?p=104939"},"modified":"2023-07-18T12:51:48","modified_gmt":"2023-07-18T15:51:48","slug":"la-familia-de-la-joven-concordiense-buscada-hizo-un-pedido-especial-a-la-sociedad","status":"publish","type":"post","link":"https:\/\/www.actualidadadiario.com\/index.php\/2023\/07\/18\/la-familia-de-la-joven-concordiense-buscada-hizo-un-pedido-especial-a-la-sociedad\/","title":{"rendered":"La familia de la joven concordiense buscada, hizo un pedido especial a la sociedad"},"content":{"rendered":"<p style=\"text-align: center;\"><em><strong>Paula Mi\u00f1o, la hermana de Luisina Leoncino -que lleva nueve d\u00edas desaparecida- pidi\u00f3 a la comunidad que \u201ctodo dato o informaci\u00f3n que puedan aportar sea exacta, no datos al aire; y que se lo comuniquen inmediatamente a la polic\u00eda\u201d<\/strong><\/em><\/p>\n<p>&nbsp;<\/p>\n<p>&nbsp;<\/p>\n<p>La joven concordiense de 24 a\u00f1os, es intensamente buscada y en su familia crece la angustia ante la desaparici\u00f3n que este lunes, ya lleva ocho d\u00edas.<\/p>\n<p>En ese marco, Mi\u00f1o coment\u00f3 que \u201clo que a nosotros nos preocupa es que si bien Luisina es independiente y ya tiene su vida, con algunos problemas personales que no vienen al caso, pero nunca hab\u00eda pasado que se desaparezca por completo de las redes y de WhatsApp\u201d.<\/p>\n<p>Al tiempo que detall\u00f3 que \u201cla semana pasada no, la anterior, ella se qued\u00f3 unos d\u00edas en casa. Despu\u00e9s ya no la vi m\u00e1s, pasaron algunos d\u00edas y vi que al celular no le llegaban los mensajes, hasta que un domingo ella se comunic\u00f3 conmigo por \u00faltima vez y desde ese domingo -que ayer hizo una semana-, se pierde completamente todo el rastro del tel\u00e9fono y comunicaci\u00f3n por redes\u201d.<\/p>\n<p>&nbsp;<\/p>\n<p><strong>\u00danico dato exacto<\/strong><\/p>\n<p>\u201cLa \u00fanica informaci\u00f3n exacta que tenemos, es una informaci\u00f3n que dio una prima m\u00eda, la cual coment\u00f3 que el d\u00eda jueves, 17:30 horas m\u00e1s o menos, la vio en un supermercado de calle Las Heras y 25 de Mayo\u201d, se\u00f1al\u00f3.<\/p>\n<p>En ese contexto, \u201cel s\u00e1bado radicamos la denuncia y a partir de all\u00ed, ellos enseguida empezaron la b\u00fasqueda. En el d\u00eda de hoy (lunes) nos llamaron a mi mam\u00e1 y a m\u00ed para que vayamos a ampliar la denuncia con los datos que nos fuimos acordando, como por ejemplo, como vest\u00eda la \u00faltima vez que sali\u00f3 de mi casa, de qu\u00e9 color era el bolso que se llev\u00f3, etc.\u201d.<\/p>\n<p>&nbsp;<\/p>\n<p><strong>Pedido a la comunidad<\/strong><\/p>\n<p>Mi\u00f1o pidi\u00f3 dejar en claro que \u201clas personas que tengan informaci\u00f3n, por favor, tiene que ser exacta, no datos al aire. Si esa informaci\u00f3n es exacta, se pide que se comuniquen directamente con la polic\u00eda, en lo posible con la comisar\u00eda sexta que es la que se est\u00e1n encargando de todo\u201d.<\/p>\n<p>Asimismo indic\u00f3 que \u201cme llega mucha informaci\u00f3n de que la vieron, que nos llena de ilusi\u00f3n y no es verdadera. Por eso si la ven, traten de retenerla o dar aviso inmediato a la polic\u00eda, que no se deje pasar ese momento, porque m\u00e1s tiempo pasa y m\u00e1s desesperados estamos\u201d.<\/p>\n<p>&nbsp;<\/p>\n<p><strong>Un mensaje para Luisina<\/strong><\/p>\n<p>Para concluir su hermana le habl\u00f3 directamente a la joven desaparecida y a trav\u00e9s de este medio le enfatiz\u00f3 que \u201cdecirte que aparezcas, por favor. Que si tenes algunos problema se pueden resolver. Que lo \u00fanico que queremos es saber que est\u00e1s bien\u201d.<\/p>\n<p>En tanto que subray\u00f3 el pedido de que Luisina \u201cse comunique de alguna manera, si puede, porque queremos que aparezca y poder resolver esto que nos tiene tan angustiados\u201d.<\/p>\n","protected":false},"excerpt":{"rendered":"<p>Paula Mi\u00f1o, la hermana de Luisina Leoncino -que lleva nueve d\u00edas desaparecida- pidi\u00f3 a la comunidad que \u201ctodo dato o informaci\u00f3n que puedan aportar sea exacta, no datos al aire; y que se lo comuniquen inmediatamente a la polic\u00eda\u201d &nbsp; &nbsp; La joven concordiense de 24 a\u00f1os, es intensamente buscada y en su familia crece la angustia ante la desaparici\u00f3n que este lunes, ya lleva ocho d\u00edas. En ese marco, Mi\u00f1o coment\u00f3 que \u201clo que a nosotros nos preocupa es que si bien Luisina es independiente y ya tiene su&#8230;<\/p>\n","protected":false},"author":3,"featured_media":104940,"comment_status":"closed","ping_status":"closed","sticky":false,"template":"","format":"standard","meta":[],"categories":[15],"tags":[],"_links":{"self":[{"href":"https:\/\/www.actualidadadiario.com\/index.php\/wp-json\/wp\/v2\/posts\/104939"}],"collection":[{"href":"https:\/\/www.actualidadadiario.com\/index.php\/wp-json\/wp\/v2\/posts"}],"about":[{"href":"https:\/\/www.actualidadadiario.com\/index.php\/wp-json\/wp\/v2\/types\/post"}],"author":[{"embeddable":true,"href":"https:\/\/www.actualidadadiario.com\/index.php\/wp-json\/wp\/v2\/users\/3"}],"replies":[{"embeddable":true,"href":"https:\/\/www.actualidadadiario.com\/index.php\/wp-json\/wp\/v2\/comments?post=104939"}],"version-history":[{"count":1,"href":"https:\/\/www.actualidadadiario.com\/index.php\/wp-json\/wp\/v2\/posts\/104939\/revisions"}],"predecessor-version":[{"id":104941,"href":"https:\/\/www.actualidadadiario.com\/index.php\/wp-json\/wp\/v2\/posts\/104939\/revisions\/104941"}],"wp:featuredmedia":[{"embeddable":true,"href":"https:\/\/www.actualidadadiario.com\/index.php\/wp-json\/wp\/v2\/media\/104940"}],"wp:attachment":[{"href":"https:\/\/www.actualidadadiario.com\/index.php\/wp-json\/wp\/v2\/media?parent=104939"}],"wp:term":[{"taxonomy":"category","embeddable":true,"href":"https:\/\/www.actualidadadiario.com\/index.php\/wp-json\/wp\/v2\/categories?post=104939"},{"taxonomy":"post_tag","embeddable":true,"href":"https:\/\/www.actualidadadiario.com\/index.php\/wp-json\/wp\/v2\/tags?post=104939"}],"curies":[{"name":"wp","href":"https:\/\/api.w.org\/{rel}","templated":true}]}}