{"id":104936,"date":"2023-07-18T12:50:51","date_gmt":"2023-07-18T15:50:51","guid":{"rendered":"https:\/\/www.actualidadadiario.com\/?p=104936"},"modified":"2023-07-18T12:50:51","modified_gmt":"2023-07-18T15:50:51","slug":"bravo-impulsa-un-proyecto-para-transformar-en-autovia-el-acceso-a-federacion","status":"publish","type":"post","link":"https:\/\/www.actualidadadiario.com\/index.php\/2023\/07\/18\/bravo-impulsa-un-proyecto-para-transformar-en-autovia-el-acceso-a-federacion\/","title":{"rendered":"Bravo impulsa un proyecto para transformar en autov\u00eda el acceso a Federaci\u00f3n"},"content":{"rendered":"<p style=\"text-align: center;\"><em><strong>El Presidente Municipal de la ciudad de Federaci\u00f3n Ricardo Bravo, mantuvo esta ma\u00f1ana una reuni\u00f3n de trabajo con la Vocal de CAFESG Celeste Lorenz. El encuentro tuvo por objetivo avanzar sobre un proyecto de Readecuaci\u00f3n vial de la Ruta de acceso a Federaci\u00f3n. El mismo contempla la realizaci\u00f3n de un tramo de autov\u00eda, utilizaci\u00f3n de rotondas y mejoramiento de banquinas, entre otras obras<\/strong><\/em><\/p>\n<p>&nbsp;<\/p>\n<p>&nbsp;<\/p>\n<p>El Intendente Bravo al respecto explic\u00f3: \u201cHace un tiempo atr\u00e1s que venimos trabajando con Celeste (Lorenz), yo ve\u00eda la problem\u00e1tica por la situaci\u00f3n de los primeros kil\u00f3metros de acceso a la ciudad y en base a esa problem\u00e1tica le ped\u00ed a Celeste juntarnos para poder charlar de este tema y ella a trav\u00e9s de los equipos de profesionales de CAFESG est\u00e1 llevando adelante este proyecto, que est\u00e1 en la etapa de anteproyecto y agradecerle por la r\u00e1pida intervenci\u00f3n de CAFESG en esto y lo importante que es tener el proyecto armado para darme la posibilidad a m\u00ed de buscar el financiamiento en el organismo correspondiente\u201d.<\/p>\n<p>\u201cDe todo este estudio que se va realizando dio que los primeros kil\u00f3metros del trayecto que es hasta la Capilla San Bosco, tiene que realizarse una autov\u00eda para la fluidez del tr\u00e1nsito y para el peligro que hoy existe en todo este tramo ya no exista y despu\u00e9s la intervenci\u00f3n de toda la ruta 44, con ensanchamiento, sem\u00e1foro, rotondas, d\u00e1rsenas y las colectoras que son muy necesarias\u201d.<\/p>\n<p>\u201cVamos a seguir avanzando, estamos viendo el informe que hizo Vialidad y creo que ya estar\u00edamos en condiciones de tener todos los informes que necesitan los profesionales de CAFESG, justamente para seguir avanzando en lo que es el proyecto final\u201d.<\/p>\n<p>\u201cEs una obra para nosotros muy importante, principalmente para que el tr\u00e1nsito sea amigable y seguro, para cuando venga el turista no corra ning\u00fan tipo de riesgo de accidente, imag\u00ednate que en la ruta 44 circulan 25 mil camiones por a\u00f1o, es much\u00edsimo lo que se saca de producci\u00f3n, la circulaci\u00f3n de veh\u00edculos de gente de ac\u00e1, sumado al de los turistas, hay un gran movimiento vehicular que amerita intervenir, amerita trabajar para que un futuro tengamos un acceso mucho m\u00e1s amigable y de que no se corra ning\u00fan tipo de riesgo\u201d.<\/p>\n<p>Por su parte la Vocal de CAFESG Lorenz agreg\u00f3: \u201cVen\u00edamos trabajando hacer rato con el Intendente, a pedido de \u00e9l y por inquietudes, venimos trabajando desde el a\u00f1o pasado en un proyecto para la readecuaci\u00f3n de lo que es el acceso a Federaci\u00f3n por la Ruta 44. Lo que el Intendente me propuso por intermedio de CAFESG, como poder mejorar el acceso, con la afluencia de turismo, con la afluencia de los barrios en esa zona, como va creciendo la ciudad, as\u00ed que los ingenieros y los t\u00e9cnicos de CAFESG se pusieron a trabajar en eso, con intervenci\u00f3n de Vialidad de la Provincia, que son los que tienen injerencia en ese tipo de obras\u201d.<\/p>\n","protected":false},"excerpt":{"rendered":"<p>El Presidente Municipal de la ciudad de Federaci\u00f3n Ricardo Bravo, mantuvo esta ma\u00f1ana una reuni\u00f3n de trabajo con la Vocal de CAFESG Celeste Lorenz. El encuentro tuvo por objetivo avanzar sobre un proyecto de Readecuaci\u00f3n vial de la Ruta de acceso a Federaci\u00f3n. El mismo contempla la realizaci\u00f3n de un tramo de autov\u00eda, utilizaci\u00f3n de rotondas y mejoramiento de banquinas, entre otras obras &nbsp; &nbsp; El Intendente Bravo al respecto explic\u00f3: \u201cHace un tiempo atr\u00e1s que venimos trabajando con Celeste (Lorenz), yo ve\u00eda la problem\u00e1tica por la situaci\u00f3n de los&#8230;<\/p>\n","protected":false},"author":3,"featured_media":104937,"comment_status":"closed","ping_status":"closed","sticky":false,"template":"","format":"standard","meta":[],"categories":[15],"tags":[],"_links":{"self":[{"href":"https:\/\/www.actualidadadiario.com\/index.php\/wp-json\/wp\/v2\/posts\/104936"}],"collection":[{"href":"https:\/\/www.actualidadadiario.com\/index.php\/wp-json\/wp\/v2\/posts"}],"about":[{"href":"https:\/\/www.actualidadadiario.com\/index.php\/wp-json\/wp\/v2\/types\/post"}],"author":[{"embeddable":true,"href":"https:\/\/www.actualidadadiario.com\/index.php\/wp-json\/wp\/v2\/users\/3"}],"replies":[{"embeddable":true,"href":"https:\/\/www.actualidadadiario.com\/index.php\/wp-json\/wp\/v2\/comments?post=104936"}],"version-history":[{"count":1,"href":"https:\/\/www.actualidadadiario.com\/index.php\/wp-json\/wp\/v2\/posts\/104936\/revisions"}],"predecessor-version":[{"id":104938,"href":"https:\/\/www.actualidadadiario.com\/index.php\/wp-json\/wp\/v2\/posts\/104936\/revisions\/104938"}],"wp:featuredmedia":[{"embeddable":true,"href":"https:\/\/www.actualidadadiario.com\/index.php\/wp-json\/wp\/v2\/media\/104937"}],"wp:attachment":[{"href":"https:\/\/www.actualidadadiario.com\/index.php\/wp-json\/wp\/v2\/media?parent=104936"}],"wp:term":[{"taxonomy":"category","embeddable":true,"href":"https:\/\/www.actualidadadiario.com\/index.php\/wp-json\/wp\/v2\/categories?post=104936"},{"taxonomy":"post_tag","embeddable":true,"href":"https:\/\/www.actualidadadiario.com\/index.php\/wp-json\/wp\/v2\/tags?post=104936"}],"curies":[{"name":"wp","href":"https:\/\/api.w.org\/{rel}","templated":true}]}}