{"id":104930,"date":"2023-07-18T12:49:07","date_gmt":"2023-07-18T15:49:07","guid":{"rendered":"https:\/\/www.actualidadadiario.com\/?p=104930"},"modified":"2023-07-18T12:49:07","modified_gmt":"2023-07-18T15:49:07","slug":"bahl-a-los-jovenes-en-entre-rios-tenes-futuro","status":"publish","type":"post","link":"https:\/\/www.actualidadadiario.com\/index.php\/2023\/07\/18\/bahl-a-los-jovenes-en-entre-rios-tenes-futuro\/","title":{"rendered":"Bahl a los j\u00f3venes: \u201cEn Entre R\u00edos, ten\u00e9s futuro\u201d"},"content":{"rendered":"<p style=\"text-align: center;\"><em><strong>El precandidato a Gobernador por M\u00e1s para Entre R\u00edos, Ad\u00e1n Bahl, lanz\u00f3 este lunes un nuevo spot rumbo a las elecciones PASO. El material se dirige especialmente a los j\u00f3venes, con un proyecto de m\u00e1s oportunidades de desarrollo en la provincia: \u201cVamos por una provincia con m\u00e1s oportunidades de desarrollo, para que puedas quedarte cerca\u201d, afirma<\/strong><\/em><\/p>\n<p>&nbsp;<\/p>\n<p>&nbsp;<\/p>\n<p>\u201cEn Entre R\u00edos, ten\u00e9s futuro\u201d, remarca Bahl sobre im\u00e1genes de las distintas etapas en la vida de una persona: creciendo siempre rodeada de afectos y seres queridos, en comunidad, desde el jard\u00edn hasta alcanzar un t\u00edtulo universitario, un trabajo y formar una familia, en distintos puntos y paisajes de Entre R\u00edos.<\/p>\n<p>El spot comunica uno de los temas prioritarios de M\u00e1s para Entre R\u00edos. As\u00ed lo ha dicho Bahl: \u201cMi proyecto de provincia es una en la que nuestros hijos no tengan que irse y puedan desarrollarse ac\u00e1, cerca de sus afectos, de su lugar, de los paisajes del litoral. Que no haya ninguna silla vac\u00eda en la mesa de los domingos ni en la de navidad\u201d.<\/p>\n<p>En ese sentido, Bahl planifica \u201cun salto de calidad\u201d para una provincia que est\u00e1 \u201cen orden y lista para recuperar su protagonismo a nivel nacional\u201d. Esta planificaci\u00f3n incluye \u201cacompa\u00f1ar a quienes invierten y generan empleo, trabajar junto a las universidades y los emprendedores, impulsar el campo, la industria, el turismo, las pymes y la econom\u00eda del conocimiento, por una Entre R\u00edos con trabajo y oportunidades para todos y todas, donde se pueda proyectar a futuro\u201d.<\/p>\n","protected":false},"excerpt":{"rendered":"<p>El precandidato a Gobernador por M\u00e1s para Entre R\u00edos, Ad\u00e1n Bahl, lanz\u00f3 este lunes un nuevo spot rumbo a las elecciones PASO. El material se dirige especialmente a los j\u00f3venes, con un proyecto de m\u00e1s oportunidades de desarrollo en la provincia: \u201cVamos por una provincia con m\u00e1s oportunidades de desarrollo, para que puedas quedarte cerca\u201d, afirma &nbsp; &nbsp; \u201cEn Entre R\u00edos, ten\u00e9s futuro\u201d, remarca Bahl sobre im\u00e1genes de las distintas etapas en la vida de una persona: creciendo siempre rodeada de afectos y seres queridos, en comunidad, desde el jard\u00edn&#8230;<\/p>\n","protected":false},"author":3,"featured_media":104931,"comment_status":"closed","ping_status":"closed","sticky":false,"template":"","format":"standard","meta":[],"categories":[15],"tags":[],"_links":{"self":[{"href":"https:\/\/www.actualidadadiario.com\/index.php\/wp-json\/wp\/v2\/posts\/104930"}],"collection":[{"href":"https:\/\/www.actualidadadiario.com\/index.php\/wp-json\/wp\/v2\/posts"}],"about":[{"href":"https:\/\/www.actualidadadiario.com\/index.php\/wp-json\/wp\/v2\/types\/post"}],"author":[{"embeddable":true,"href":"https:\/\/www.actualidadadiario.com\/index.php\/wp-json\/wp\/v2\/users\/3"}],"replies":[{"embeddable":true,"href":"https:\/\/www.actualidadadiario.com\/index.php\/wp-json\/wp\/v2\/comments?post=104930"}],"version-history":[{"count":1,"href":"https:\/\/www.actualidadadiario.com\/index.php\/wp-json\/wp\/v2\/posts\/104930\/revisions"}],"predecessor-version":[{"id":104932,"href":"https:\/\/www.actualidadadiario.com\/index.php\/wp-json\/wp\/v2\/posts\/104930\/revisions\/104932"}],"wp:featuredmedia":[{"embeddable":true,"href":"https:\/\/www.actualidadadiario.com\/index.php\/wp-json\/wp\/v2\/media\/104931"}],"wp:attachment":[{"href":"https:\/\/www.actualidadadiario.com\/index.php\/wp-json\/wp\/v2\/media?parent=104930"}],"wp:term":[{"taxonomy":"category","embeddable":true,"href":"https:\/\/www.actualidadadiario.com\/index.php\/wp-json\/wp\/v2\/categories?post=104930"},{"taxonomy":"post_tag","embeddable":true,"href":"https:\/\/www.actualidadadiario.com\/index.php\/wp-json\/wp\/v2\/tags?post=104930"}],"curies":[{"name":"wp","href":"https:\/\/api.w.org\/{rel}","templated":true}]}}