{"id":104919,"date":"2023-07-17T14:40:33","date_gmt":"2023-07-17T17:40:33","guid":{"rendered":"https:\/\/www.actualidadadiario.com\/?p=104919"},"modified":"2023-07-17T14:40:33","modified_gmt":"2023-07-17T17:40:33","slug":"alerta-roja-la-pobreza-en-europa-aumento-un-26","status":"publish","type":"post","link":"https:\/\/www.actualidadadiario.com\/index.php\/2023\/07\/17\/alerta-roja-la-pobreza-en-europa-aumento-un-26\/","title":{"rendered":"Alerta roja: la pobreza en Europa aument\u00f3 un 26%"},"content":{"rendered":"<p style=\"text-align: center;\"><em><strong>La realidad econ\u00f3mica del viejo continente preocupa a los especialistas. En las \u00faltimas d\u00e9cadas, la mayor parte de la poblaci\u00f3n comenz\u00f3 a perder sus bienes<\/strong><\/em><\/p>\n<p>&nbsp;<\/p>\n<p>&nbsp;<\/p>\n<p>Desde el ahorro en la compra de alimentos y productos b\u00e1sicos, como aceite, carne o leche; hasta la reducci\u00f3n en el consumo de servicios b\u00e1sicos, Europa est\u00e1 experimentando un cambio radical en su realidad econ\u00f3mica. En las \u00faltimas d\u00e9cadas, una gran parte de la poblaci\u00f3n comenz\u00f3 a empobrecerse.<\/p>\n<p>El poder adquisitivo de los europeos se modific\u00f3 dr\u00e1sticamente, alej\u00e1ndose de la imagen de prosperidad que siempre tuvieron. Con un gasto en consumo en ca\u00edda libre, el viejo continente cay\u00f3 en recesi\u00f3n a principios de a\u00f1o, reforzando una sensaci\u00f3n de declive econ\u00f3mico y pol\u00edtico que comenz\u00f3 a principios de siglo.<\/p>\n<p>&nbsp;<\/p>\n<p><strong>Por qu\u00e9 Europa se est\u00e1 volviendo m\u00e1s pobre<\/strong><\/p>\n<p>La situaci\u00f3n actual de Europa viene de un largo proceso que a\u00fan continua desarroll\u00e1ndose, y que tuvo su pico con la pandemia por Covid-19 y la reciente guerra entre Rusia y Ucrania. Con las cadenas de suministro globales afectadas, y los precios de la energ\u00eda y los alimentos aumentando sin parar, las crisis agravaron los problemas que llevaban un largo tiempo en la trinchera.<\/p>\n<p>La industria exportadora del continente supo ser un caballo de batalla para mejorar la producci\u00f3n, pero los costos de energ\u00eda y la inflaci\u00f3n -que no eran tan altos desde la d\u00e9cada de 1970- dificultan la ventaja de precios en los mercados internacionales. Las exportaciones representan un 50% del PBI de Europa, por lo que la falta de comercio global los afecta de forma trascendente.<\/p>\n<p>Por otro lado, el consumo privado disminuy\u00f3 alrededor del 1% desde finales de 2019, seg\u00fan la Organizaci\u00f3n para la Cooperaci\u00f3n y el Desarrollo Econ\u00f3micos (OCDE). En este marco, los salarios disminuyeron aproximadamente un 3% desde 2019 en Alemania; un 3,5% en Italia y Espa\u00f1a; y un 6% en Grecia.<\/p>\n<p>La situaci\u00f3n del continente europeo lo est\u00e1 volviendo menos atractivo para empresas, que est\u00e1n realizando una parte cada vez mayor de sus ventas en Am\u00e9rica del Norte.<\/p>\n<p>&nbsp;<\/p>\n<p><strong>La competencia de EEUU en la econom\u00eda europea<\/strong><\/p>\n<p>A diferencia de Europa, la econom\u00eda de Estados Unidos (EEUU) creci\u00f3 un 82% en los \u00faltimos 15 a\u00f1os, seg\u00fan datos del Fondo Monetario Internacional. Esto deja a los pa\u00edses promedio de la UE m\u00e1s pobres por cabeza que todos los estados de EE. UU. excepto Idaho y Mississippi.<\/p>\n<p>Respecto de la gran dependencia que tiene Europa del comercio global, EEUU s\u00f3lo depende un 10%, lo que lo deja en una posici\u00f3n mucho menos debilitada que su competencia.<\/p>\n<p>Frente al mercado laboral, EEUU tiene una solidez que permite que los ingresos hayan aumentado casi un 9% en los \u00faltimos a\u00f1os, mientras que los salarios reales subieron alrededor de un 6% en el mismo per\u00edodo, seg\u00fan datos de la OCDE.<\/p>\n","protected":false},"excerpt":{"rendered":"<p>La realidad econ\u00f3mica del viejo continente preocupa a los especialistas. En las \u00faltimas d\u00e9cadas, la mayor parte de la poblaci\u00f3n comenz\u00f3 a perder sus bienes &nbsp; &nbsp; Desde el ahorro en la compra de alimentos y productos b\u00e1sicos, como aceite, carne o leche; hasta la reducci\u00f3n en el consumo de servicios b\u00e1sicos, Europa est\u00e1 experimentando un cambio radical en su realidad econ\u00f3mica. En las \u00faltimas d\u00e9cadas, una gran parte de la poblaci\u00f3n comenz\u00f3 a empobrecerse. El poder adquisitivo de los europeos se modific\u00f3 dr\u00e1sticamente, alej\u00e1ndose de la imagen de prosperidad&#8230;<\/p>\n","protected":false},"author":3,"featured_media":104920,"comment_status":"closed","ping_status":"closed","sticky":false,"template":"","format":"standard","meta":[],"categories":[4],"tags":[],"_links":{"self":[{"href":"https:\/\/www.actualidadadiario.com\/index.php\/wp-json\/wp\/v2\/posts\/104919"}],"collection":[{"href":"https:\/\/www.actualidadadiario.com\/index.php\/wp-json\/wp\/v2\/posts"}],"about":[{"href":"https:\/\/www.actualidadadiario.com\/index.php\/wp-json\/wp\/v2\/types\/post"}],"author":[{"embeddable":true,"href":"https:\/\/www.actualidadadiario.com\/index.php\/wp-json\/wp\/v2\/users\/3"}],"replies":[{"embeddable":true,"href":"https:\/\/www.actualidadadiario.com\/index.php\/wp-json\/wp\/v2\/comments?post=104919"}],"version-history":[{"count":1,"href":"https:\/\/www.actualidadadiario.com\/index.php\/wp-json\/wp\/v2\/posts\/104919\/revisions"}],"predecessor-version":[{"id":104921,"href":"https:\/\/www.actualidadadiario.com\/index.php\/wp-json\/wp\/v2\/posts\/104919\/revisions\/104921"}],"wp:featuredmedia":[{"embeddable":true,"href":"https:\/\/www.actualidadadiario.com\/index.php\/wp-json\/wp\/v2\/media\/104920"}],"wp:attachment":[{"href":"https:\/\/www.actualidadadiario.com\/index.php\/wp-json\/wp\/v2\/media?parent=104919"}],"wp:term":[{"taxonomy":"category","embeddable":true,"href":"https:\/\/www.actualidadadiario.com\/index.php\/wp-json\/wp\/v2\/categories?post=104919"},{"taxonomy":"post_tag","embeddable":true,"href":"https:\/\/www.actualidadadiario.com\/index.php\/wp-json\/wp\/v2\/tags?post=104919"}],"curies":[{"name":"wp","href":"https:\/\/api.w.org\/{rel}","templated":true}]}}