{"id":104902,"date":"2023-07-17T14:29:53","date_gmt":"2023-07-17T17:29:53","guid":{"rendered":"https:\/\/www.actualidadadiario.com\/?p=104902"},"modified":"2023-07-17T14:29:53","modified_gmt":"2023-07-17T17:29:53","slug":"acuerdo-de-cooperacion-energetica-con-la-union-europea","status":"publish","type":"post","link":"https:\/\/www.actualidadadiario.com\/index.php\/2023\/07\/17\/acuerdo-de-cooperacion-energetica-con-la-union-europea\/","title":{"rendered":"Acuerdo de cooperaci\u00f3n energ\u00e9tica con la Uni\u00f3n Europea"},"content":{"rendered":"<p style=\"text-align: center;\"><em><strong>El Presidente encabez\u00f3 la firma de un memor\u00e1ndum de entendimiento junto a la presidenta de la Comisi\u00f3n Europea, Ursula Von del Leyen<\/strong><\/em><\/p>\n<p>&nbsp;<\/p>\n<p>&nbsp;<\/p>\n<p>En el marco de su viaje a Bruselas para participar de la cumbre entre la CELAC y la Uni\u00f3n Europea, el presidente Alberto Fern\u00e1ndez se reuni\u00f3 en el edificio Berlaymont con la presidenta de la Comisi\u00f3n Europea, Ursula Von der Leyen, donde firmaron un Memor\u00e1ndum de Entendimiento sobre Cooperaci\u00f3n en materia de energ\u00eda entre la Argentina y la Uni\u00f3n Europea.<\/p>\n<p>Seg\u00fan fuentes oficiales, el objetivo del acuerdo es avanzar en la cooperaci\u00f3n entre ambos bloques para alentar la cooperaci\u00f3n y alcanzar los objetivos en materia de energ\u00edas limpias y de lucha contra el cambio clim\u00e1tico, principalmente en las \u00e1reas de hidr\u00f3geno y sus derivados; energ\u00edas renovables; y promoci\u00f3n de la eficiencia energ\u00e9tica.<\/p>\n<p>Alberto Fern\u00e1ndez lleg\u00f3 hoy a Bruselas, capital de B\u00e9lgica, con motivo de participar de la III Cumbre entre la Uni\u00f3n Europea (UE) y la Comunidad de Estados Latinoamericanos y Caribe\u00f1os (Celac). El encuentro se enmarca en plena disputa por el acuerdo comercial entre la Uni\u00f3n Europea y el Mercosur firmado en 2019, pero los pa\u00edses latinoamericanos denuncian asimetr\u00edas en las condiciones del entendimiento y cuestionan adem\u00e1s las exigencias medioambientales pretendidas por la UE.<\/p>\n<p>&nbsp;<\/p>\n<p><strong>Alberto Fern\u00e1ndez participa en Bruselas de la cumbre entre la Celac y la Uni\u00f3n Europea<\/strong><\/p>\n<p>El flamante avi\u00f3n que transport\u00f3 a la delegaci\u00f3n presidencial aterriz\u00f3 minutos antes de las 10:15, hora local, tras una escala en Sevilla. Acompa\u00f1aron a Alberto Fern\u00e1ndez la primera dama, Fabiola Ya\u00f1ez, el ministro de Relaciones Exteriores, Comercio Internacional y Culto, Santiago Cafiero, y la secretaria de Relaciones Econ\u00f3micas Internacionales de la Canciller\u00eda, Cecilia Todesca Bocco.<\/p>\n<p>Tambi\u00e9n viajaron, la jefa de Gabinete de la Canciller\u00eda, Luciana Tito, el secretario General de la Presidencia, Julio Vitobello, la portavoz de la Presidencia, Gabriela Cerruti, y el diputado nacional Eduardo Vald\u00e9s.<\/p>\n<p>El acuerdo comercial del bloque regional con la Uni\u00f3n Europea configura uno de los temas que mayor tensi\u00f3n genera al interior del Mercosur, debido a sus debates internos y a las presiones de Uruguay para concretarlo y encuentra reticencia en varios pa\u00edses de Europa.<\/p>\n<p>En los \u00faltimos d\u00edas, Francia rechaz\u00f3 la ratificaci\u00f3n del acuerdo tras considerarlo &#8220;demasiado exigente&#8221;, a excepci\u00f3n de que se incluyan cambios a nivel medioambiental.<\/p>\n<p>Tanto Paraguay como la Argentina y Uruguay reaccionaron ante los planteos, pero Brasil pidi\u00f3 un poco m\u00e1s de tiempo, en el marco de un cambio de Gobierno y, desde ese momento, est\u00e1n trabajando los textos.<\/p>\n<p>&nbsp;<\/p>\n<p><strong>Cu\u00e1l es la agenda de Alberto Fern\u00e1ndez en Bruselas<\/strong><\/p>\n<p>En el marco de la Cumbre de la CELAC con la Uni\u00f3n Europea, Alberto Fern\u00e1ndez mantendr\u00e1 una serie de reuniones de peso.<\/p>\n<p>Entre las bilaterales confirmadas, figura un nuevo encuentro con el Canciller Federal de Alemania, Olaf Scholz, y un intercambio que protagonizar\u00e1 con la presidenta de Honduras, Xiomara Castro, y el primer ministro de San Vicente y Las Granadinas, Ralph Gonsalves.<\/p>\n<p>Tambi\u00e9n se entrevistar\u00e1 con el primer ministro de Grecia, Kyriakos Mitsotaki, y asistir\u00e1 adem\u00e1s al di\u00e1logo sobre Venezuela, invitado por por su par de Francia, Emmanuel Macron.<\/p>\n","protected":false},"excerpt":{"rendered":"<p>El Presidente encabez\u00f3 la firma de un memor\u00e1ndum de entendimiento junto a la presidenta de la Comisi\u00f3n Europea, Ursula Von del Leyen &nbsp; &nbsp; En el marco de su viaje a Bruselas para participar de la cumbre entre la CELAC y la Uni\u00f3n Europea, el presidente Alberto Fern\u00e1ndez se reuni\u00f3 en el edificio Berlaymont con la presidenta de la Comisi\u00f3n Europea, Ursula Von der Leyen, donde firmaron un Memor\u00e1ndum de Entendimiento sobre Cooperaci\u00f3n en materia de energ\u00eda entre la Argentina y la Uni\u00f3n Europea. Seg\u00fan fuentes oficiales, el objetivo del&#8230;<\/p>\n","protected":false},"author":3,"featured_media":104903,"comment_status":"closed","ping_status":"closed","sticky":false,"template":"","format":"standard","meta":[],"categories":[18],"tags":[],"_links":{"self":[{"href":"https:\/\/www.actualidadadiario.com\/index.php\/wp-json\/wp\/v2\/posts\/104902"}],"collection":[{"href":"https:\/\/www.actualidadadiario.com\/index.php\/wp-json\/wp\/v2\/posts"}],"about":[{"href":"https:\/\/www.actualidadadiario.com\/index.php\/wp-json\/wp\/v2\/types\/post"}],"author":[{"embeddable":true,"href":"https:\/\/www.actualidadadiario.com\/index.php\/wp-json\/wp\/v2\/users\/3"}],"replies":[{"embeddable":true,"href":"https:\/\/www.actualidadadiario.com\/index.php\/wp-json\/wp\/v2\/comments?post=104902"}],"version-history":[{"count":1,"href":"https:\/\/www.actualidadadiario.com\/index.php\/wp-json\/wp\/v2\/posts\/104902\/revisions"}],"predecessor-version":[{"id":104904,"href":"https:\/\/www.actualidadadiario.com\/index.php\/wp-json\/wp\/v2\/posts\/104902\/revisions\/104904"}],"wp:featuredmedia":[{"embeddable":true,"href":"https:\/\/www.actualidadadiario.com\/index.php\/wp-json\/wp\/v2\/media\/104903"}],"wp:attachment":[{"href":"https:\/\/www.actualidadadiario.com\/index.php\/wp-json\/wp\/v2\/media?parent=104902"}],"wp:term":[{"taxonomy":"category","embeddable":true,"href":"https:\/\/www.actualidadadiario.com\/index.php\/wp-json\/wp\/v2\/categories?post=104902"},{"taxonomy":"post_tag","embeddable":true,"href":"https:\/\/www.actualidadadiario.com\/index.php\/wp-json\/wp\/v2\/tags?post=104902"}],"curies":[{"name":"wp","href":"https:\/\/api.w.org\/{rel}","templated":true}]}}