{"id":104899,"date":"2023-07-18T13:00:28","date_gmt":"2023-07-18T16:00:28","guid":{"rendered":"https:\/\/www.actualidadadiario.com\/?p=104899"},"modified":"2023-07-18T13:48:17","modified_gmt":"2023-07-18T16:48:17","slug":"oficializan-el-traspaso-de-la-organizacion-de-los-comicios-a-la-secretaria-general-de-presidencia","status":"publish","type":"post","link":"https:\/\/www.actualidadadiario.com\/index.php\/2023\/07\/18\/oficializan-el-traspaso-de-la-organizacion-de-los-comicios-a-la-secretaria-general-de-presidencia\/","title":{"rendered":"Oficializan el traspaso de la organizaci\u00f3n de los comicios a la Secretar\u00eda General de Presidencia"},"content":{"rendered":"<p style=\"text-align: center;\"><em><strong>El organismo del Poder Ejecutivo, en manos de un funcionario de extrema confianza de Alberto Fern\u00e1ndez, se encargar\u00e1 de organizar las elecciones nacionales PASO y generales de este a\u00f1o<\/strong><\/em><\/p>\n<p>&nbsp;<\/p>\n<p>&nbsp;<\/p>\n<p>El gobierno nacional resolvi\u00f3 este lunes traspasar la organizaci\u00f3n de las elecciones 2023 desde el Ministerio del Interior y la Canciller\u00eda a la Secretar\u00eda General de la Presidencia, en virtud de que los ministros que conducen estas carteras, Eduardo &#8220;Wado&#8221; de Pedro y Santiago Cafiero, son precandidatos en los comicios. As\u00ed, la organizaci\u00f3n de los comicios quedar\u00e1 en manos de Julio Vitobello, funcionario de extrema confianza del presidente Alberto Fern\u00e1ndez.<\/p>\n<p>As\u00ed lo dispuso el presidente, Alberto Fern\u00e1ndez, mediante el decreto 359\/2023 publicado este lunes en el Bolet\u00edn Oficial, en el que resolvi\u00f3 suprimir &#8220;las competencias asignadas al MINISTERIO DEL INTERIOR vinculadas a la organizaci\u00f3n de los pr\u00f3ximos comicios, la ejecuci\u00f3n de la legislaci\u00f3n electoral y el empadronamiento de los ciudadanos y las ciudadanas&#8221;.<\/p>\n<p>En el mismo sentido, apuntando a los votantes argentinos en el exterior, el mismo decreto estableci\u00f3 que &#8220;resulta necesario modificar las competencias del MINISTERIO DE RELACIONES EXTERIORES, COMERCIO INTERNACIONAL Y CULTO, en relaci\u00f3n con la realizaci\u00f3n de los comicios en las Representaciones Diplom\u00e1ticas y Consulares de nuestro pa\u00eds, en ocasi\u00f3n de elecciones nacionales&#8221;.<\/p>\n<p>De este modo, el Gobierno resolvi\u00f3 que &#8220;corresponde transferir la DIRECCI\u00d3N NACIONAL ELECTORAL desde la \u00f3rbita de la SECRETAR\u00cdA DE ASUNTOS POL\u00cdTICOS del MINISTERIO DEL INTERIOR al \u00e1mbito de la SUBSECRETAR\u00cdA DE ASUNTOS POL\u00cdTICOS de la SECRETAR\u00cdA GENERAL de la PRESIDENCIA DE LA NACI\u00d3N&#8221;, dirigida por Julio Vitobello.<\/p>\n<p>Para realizar este traspaso de atribuciones, Alberto Fern\u00e1ndez decret\u00f3 de forma complementaria una modificaci\u00f3n de la Ley de Ministerios mediante el Decreto de Necesidad y Urgencia (DNU) 358\/2023. &#8220;Resulta necesario efectuar un reordenamiento funcional que permita concretar las tareas diagramadas en vistas al pr\u00f3ximo per\u00edodo electoral&#8221;, justific\u00f3 en los considerandos de esta otra medida.<\/p>\n<p>La Casa Rosada justific\u00f3 la decisi\u00f3n en &#8220;razones operativas de gobierno, y con car\u00e1cter transitorio hasta la realizaci\u00f3n de las elecciones generales&#8221;, que tendr\u00e1n lugar el pr\u00f3ximo 22 de octubre para la primera vuelta y el 19 de noviembre en caso de que haya un balotaje o segunda vuelta.<\/p>\n<p>Sin embargo, se trata de una opci\u00f3n que se barajaba por cuestiones \u00e9ticas debido a la precandidatura del ministro del Interior, Eduardo &#8220;Wado&#8221; de Pedro. Inicialmente, De Pedro busc\u00f3 postularse como precandidato a Presidente, pero, al borde del cierre de listas, Uni\u00f3n por la Patria determin\u00f3 que los precandidatos sean el ministro de Econom\u00eda, Sergio Massa, y el dirigente social Juan Grabois.<\/p>\n<p>Aun as\u00ed, De Pedro se anot\u00f3 finalmente como primer precandidato a senador nacional por la provincia de Buenos Aires, por lo que esa postulaci\u00f3n chocaba con la posibilidad de que fuera su ministerio del encargado de organizar las elecciones nacionales. En paralelo, el canciller, Santiago Cafiero, se anot\u00f3 como el quinto precandidato a diputado nacional por la provincia de Buenos Aires, por lo que su cargo ministerial tambi\u00e9n chocaba con la organizaci\u00f3n de las elecciones en el exterior.<\/p>\n<p>Los argentinos residentes en el exterior tienen el derecho de votar, aunque no la obligaci\u00f3n. Solo pueden hacerlo si tienen su domicilio registrado fuera del pa\u00eds, y para ello deben dirigirse al consulado o embajada m\u00e1s cercana. Para el voto en la categor\u00eda de diputados o senadores, se considerar\u00e1 el \u00faltimo distrito de residencia en Argentina. De este modo, los bonaerenses que se hayan ido a vivir al exterior tendr\u00e1n a Cafiero entre sus opciones de votaci\u00f3n.<\/p>\n","protected":false},"excerpt":{"rendered":"<p>El organismo del Poder Ejecutivo, en manos de un funcionario de extrema confianza de Alberto Fern\u00e1ndez, se encargar\u00e1 de organizar las elecciones nacionales PASO y generales de este a\u00f1o &nbsp; &nbsp; El gobierno nacional resolvi\u00f3 este lunes traspasar la organizaci\u00f3n de las elecciones 2023 desde el Ministerio del Interior y la Canciller\u00eda a la Secretar\u00eda General de la Presidencia, en virtud de que los ministros que conducen estas carteras, Eduardo &#8220;Wado&#8221; de Pedro y Santiago Cafiero, son precandidatos en los comicios. As\u00ed, la organizaci\u00f3n de los comicios quedar\u00e1 en manos&#8230;<\/p>\n","protected":false},"author":3,"featured_media":101330,"comment_status":"closed","ping_status":"closed","sticky":false,"template":"","format":"standard","meta":[],"categories":[18],"tags":[],"_links":{"self":[{"href":"https:\/\/www.actualidadadiario.com\/index.php\/wp-json\/wp\/v2\/posts\/104899"}],"collection":[{"href":"https:\/\/www.actualidadadiario.com\/index.php\/wp-json\/wp\/v2\/posts"}],"about":[{"href":"https:\/\/www.actualidadadiario.com\/index.php\/wp-json\/wp\/v2\/types\/post"}],"author":[{"embeddable":true,"href":"https:\/\/www.actualidadadiario.com\/index.php\/wp-json\/wp\/v2\/users\/3"}],"replies":[{"embeddable":true,"href":"https:\/\/www.actualidadadiario.com\/index.php\/wp-json\/wp\/v2\/comments?post=104899"}],"version-history":[{"count":1,"href":"https:\/\/www.actualidadadiario.com\/index.php\/wp-json\/wp\/v2\/posts\/104899\/revisions"}],"predecessor-version":[{"id":104900,"href":"https:\/\/www.actualidadadiario.com\/index.php\/wp-json\/wp\/v2\/posts\/104899\/revisions\/104900"}],"wp:featuredmedia":[{"embeddable":true,"href":"https:\/\/www.actualidadadiario.com\/index.php\/wp-json\/wp\/v2\/media\/101330"}],"wp:attachment":[{"href":"https:\/\/www.actualidadadiario.com\/index.php\/wp-json\/wp\/v2\/media?parent=104899"}],"wp:term":[{"taxonomy":"category","embeddable":true,"href":"https:\/\/www.actualidadadiario.com\/index.php\/wp-json\/wp\/v2\/categories?post=104899"},{"taxonomy":"post_tag","embeddable":true,"href":"https:\/\/www.actualidadadiario.com\/index.php\/wp-json\/wp\/v2\/tags?post=104899"}],"curies":[{"name":"wp","href":"https:\/\/api.w.org\/{rel}","templated":true}]}}