{"id":104887,"date":"2023-07-17T13:57:01","date_gmt":"2023-07-17T16:57:01","guid":{"rendered":"https:\/\/www.actualidadadiario.com\/?p=104887"},"modified":"2023-07-17T13:57:01","modified_gmt":"2023-07-17T16:57:01","slug":"ley-lucio-los-detalles-de-la-reglamentacion-que-comienza-a-regir-hoy","status":"publish","type":"post","link":"https:\/\/www.actualidadadiario.com\/index.php\/2023\/07\/17\/ley-lucio-los-detalles-de-la-reglamentacion-que-comienza-a-regir-hoy\/","title":{"rendered":"Ley Lucio: los detalles de la reglamentaci\u00f3n que comienza a regir hoy"},"content":{"rendered":"<p style=\"text-align: center;\"><em><strong>La nueva norma prev\u00e9 campa\u00f1as de concientizaci\u00f3n sobre la promoci\u00f3n y protecci\u00f3n de los derechos de NNyA con el objetivo de sensibilizar a la ciudadan\u00eda. Adem\u00e1s, deber\u00e1 impulsar herramientas adecuadas en \u00e1mbitos de la Administraci\u00f3n P\u00fablica Nacional<\/strong><\/em><\/p>\n<p>&nbsp;<\/p>\n<p>&nbsp;<\/p>\n<p>El Gobierno reglament\u00f3 la ley 27.709 de creaci\u00f3n del Plan Federal de Capacitaci\u00f3n sobre Derechos de Ni\u00f1as, Ni\u00f1os y Adolescentes de car\u00e1cter continuo, permanente y obligatorio destinado a las personas que se desempe\u00f1an en \u00e1reas y dependencias de los Poderes Ejecutivo, Legislativo y Judicial del Estado Nacional, conocida como \u201cLey Lucio\u201d, aprobada tras el asesinato del ni\u00f1o de 5 a\u00f1os Lucio Dupuy que sufri\u00f3 una brutal golpiza por parte de su madre y de su pareja.<\/p>\n<p>La reglamentaci\u00f3n fue publicada hoy en el Bolet\u00edn Oficial mediante el decreto 360\/2023 firmado por el presidente Alberto Fern\u00e1ndez, el jefe de Gabinete, Agust\u00edn Rossi; y la ministra de Desarrollo Social, Victoria Tolosa Paz.<\/p>\n<p>En la norma se indica que la Secretar\u00eda de Ni\u00f1ez, Adolescente y Familia, del Ministerio de Desarrollo Social, en su car\u00e1cter de Autoridad de Aplicaci\u00f3n de la Ley, queda facultada para celebrar los acuerdos o convenios necesarios con los organismos o dependencias de los Poderes Ejecutivo, Legislativo y Judicial del Estado Nacional, Provincial, de la Ciudad Aut\u00f3noma de Buenos Aires o Municipal y con los organismos de la sociedad civil, que forman parte corresponsable del Sistema Integral de Promoci\u00f3n y Protecci\u00f3n de los Derechos de las Ni\u00f1as, Ni\u00f1os y Adolescentes para impartir las capacitaciones.<\/p>\n<p>El incumplimiento de las capacitaciones, indicaron, ser\u00e1 &#8220;considerado falta grave y dar\u00e1 lugar a las sanciones correspondientes conforme la normativa vigente en materia de Empleo P\u00fablico Nacional&#8221;.<\/p>\n<p>La denominada Ley Lucio fue sancionada el 13 de abril de este a\u00f1o por el Congreso Nacional.<\/p>\n<p>Su reglamentaci\u00f3n indica que la Senaf debe elaborar dentro del plazo de 90 d\u00edas de la publicaci\u00f3n del decreto 360\/2023 un curso de formaci\u00f3n inicial para la promoci\u00f3n del buen trato, prevenci\u00f3n y detecci\u00f3n temprana de la violencia contra ni\u00f1os, ni\u00f1as y adolescentes (NNyA) y difusi\u00f3n de recursos para asesoramiento, abordaje y denuncia de situaciones de violencia.<\/p>\n<p>&nbsp;<\/p>\n<p><strong>Qu\u00e9 establece la ley<\/strong><\/p>\n<p>Uno de los art\u00edculos de la ley plantea la protecci\u00f3n de los denunciantes en los casos de posible vulneraci\u00f3n, procurando &#8220;la reserva de identidad del denunciante y la protecci\u00f3n de su integridad&#8221;.<\/p>\n<p>La ley enfatiza en el deber de comunicar una vulneraci\u00f3n o amenaza de derechos y el deber de recibir y tramitar una denuncia por parte del funcionario p\u00fablico, conforme lo establecido en la ley 26.061 de Protecci\u00f3n Integral de los Derechos de NNyA y la 27.455 de Abuso en la Infancia.<\/p>\n<p>En esa l\u00ednea, la Senaf deber\u00e1 propiciar un relevamiento de los distintos mecanismos existentes en cada una de las jurisdicciones sobre el resguardo de la identidad y protecci\u00f3n de la integridad del o de la denunciante tanto en sede administrativa como judicial.<\/p>\n<p>A partir de este relevamiento, deber\u00e1 impulsar la implementaci\u00f3n de las herramientas adecuadas en aquellos \u00e1mbitos de la Administraci\u00f3n P\u00fablica Nacional pertinentes que no cuenten con estos mecanismos de resguardo de la persona denunciante, indic\u00f3 la normativa.<\/p>\n<p>Asimismo, la ley prev\u00e9 la elaboraci\u00f3n de campa\u00f1as de concientizaci\u00f3n anuales sobre la promoci\u00f3n y protecci\u00f3n de los derechos de NNyA, a cargo de la Senaf, con el objetivo de sensibilizar a la ciudadan\u00eda.<\/p>\n<p>La Senaf, en tanto autoridad de aplicaci\u00f3n, deber\u00e1 brindar acceso p\u00fablico y difundir el grado de cumplimiento de esta ley a trav\u00e9s de un medio accesible con &#8220;indicadores cuantitativos, cualitativos, estad\u00edsticas y evaluaciones sobre el impacto de las capacitaciones realizadas&#8221;.<\/p>\n<p>El proyecto de ley surgi\u00f3 tras el asesinato de Lucio, un ni\u00f1o de cinco a\u00f1os, en noviembre de 2021 en Santa Rosa, La Pampa, hecho por el que fueron juzgadas y condenadas a perpetua su madre, Magdalena Esp\u00f3sito Valenti, y la pareja de \u00e9sta, Abigail P\u00e1ez.<\/p>\n","protected":false},"excerpt":{"rendered":"<p>La nueva norma prev\u00e9 campa\u00f1as de concientizaci\u00f3n sobre la promoci\u00f3n y protecci\u00f3n de los derechos de NNyA con el objetivo de sensibilizar a la ciudadan\u00eda. Adem\u00e1s, deber\u00e1 impulsar herramientas adecuadas en \u00e1mbitos de la Administraci\u00f3n P\u00fablica Nacional &nbsp; &nbsp; El Gobierno reglament\u00f3 la ley 27.709 de creaci\u00f3n del Plan Federal de Capacitaci\u00f3n sobre Derechos de Ni\u00f1as, Ni\u00f1os y Adolescentes de car\u00e1cter continuo, permanente y obligatorio destinado a las personas que se desempe\u00f1an en \u00e1reas y dependencias de los Poderes Ejecutivo, Legislativo y Judicial del Estado Nacional, conocida como \u201cLey Lucio\u201d,&#8230;<\/p>\n","protected":false},"author":3,"featured_media":104888,"comment_status":"closed","ping_status":"closed","sticky":false,"template":"","format":"standard","meta":[],"categories":[2],"tags":[],"_links":{"self":[{"href":"https:\/\/www.actualidadadiario.com\/index.php\/wp-json\/wp\/v2\/posts\/104887"}],"collection":[{"href":"https:\/\/www.actualidadadiario.com\/index.php\/wp-json\/wp\/v2\/posts"}],"about":[{"href":"https:\/\/www.actualidadadiario.com\/index.php\/wp-json\/wp\/v2\/types\/post"}],"author":[{"embeddable":true,"href":"https:\/\/www.actualidadadiario.com\/index.php\/wp-json\/wp\/v2\/users\/3"}],"replies":[{"embeddable":true,"href":"https:\/\/www.actualidadadiario.com\/index.php\/wp-json\/wp\/v2\/comments?post=104887"}],"version-history":[{"count":2,"href":"https:\/\/www.actualidadadiario.com\/index.php\/wp-json\/wp\/v2\/posts\/104887\/revisions"}],"predecessor-version":[{"id":104890,"href":"https:\/\/www.actualidadadiario.com\/index.php\/wp-json\/wp\/v2\/posts\/104887\/revisions\/104890"}],"wp:featuredmedia":[{"embeddable":true,"href":"https:\/\/www.actualidadadiario.com\/index.php\/wp-json\/wp\/v2\/media\/104888"}],"wp:attachment":[{"href":"https:\/\/www.actualidadadiario.com\/index.php\/wp-json\/wp\/v2\/media?parent=104887"}],"wp:term":[{"taxonomy":"category","embeddable":true,"href":"https:\/\/www.actualidadadiario.com\/index.php\/wp-json\/wp\/v2\/categories?post=104887"},{"taxonomy":"post_tag","embeddable":true,"href":"https:\/\/www.actualidadadiario.com\/index.php\/wp-json\/wp\/v2\/tags?post=104887"}],"curies":[{"name":"wp","href":"https:\/\/api.w.org\/{rel}","templated":true}]}}