{"id":104884,"date":"2023-07-17T13:56:14","date_gmt":"2023-07-17T16:56:14","guid":{"rendered":"https:\/\/www.actualidadadiario.com\/?p=104884"},"modified":"2023-07-17T13:56:14","modified_gmt":"2023-07-17T16:56:14","slug":"rige-desde-hoy-la-eliminacion-del-tramite-de-fe-de-vida-para-jubilados-y-pensionados","status":"publish","type":"post","link":"https:\/\/www.actualidadadiario.com\/index.php\/2023\/07\/17\/rige-desde-hoy-la-eliminacion-del-tramite-de-fe-de-vida-para-jubilados-y-pensionados\/","title":{"rendered":"Rige desde hoy la eliminaci\u00f3n del tr\u00e1mite de fe de vida para jubilados y pensionados"},"content":{"rendered":"<p style=\"text-align: center;\"><em><strong>El primer art\u00edculo de la Ley 27.721 establece que los beneficiarios &#8220;quedan eximidos de la obligaci\u00f3n de presentar la declaraci\u00f3n de supervivencia o fe de vida, as\u00ed como cualquier tr\u00e1mite complementario con igual fin&#8221;<\/strong><\/em><\/p>\n<p>&nbsp;<\/p>\n<p>&nbsp;<\/p>\n<p>La eliminaci\u00f3n del tr\u00e1mite de fe de vida de jubilados, pensionados y titulares de pensiones no contributivas, sancionada el 5 de julio pasado por el Congreso Nacional, comenz\u00f3 a regir a regir hoy con la publicaci\u00f3n del decreto que la promulga en el Bolet\u00edn Oficial.<\/p>\n<p>Se trata de la Ley 27.721, promulgada a trav\u00e9s del Decreto 365\/2023, que lleva las firmas del presidente Alberto Fern\u00e1ndez; del jefe de Gabinete, Agust\u00edn Rossi; y de la ministra de Trabajo, Raquel &#8216;Kelly&#8217; Kismer de Olmos.<\/p>\n<p>&#8220;En uso de las facultades conferidas por el art\u00edculo 78 de la Constituci\u00f3n Nacional prom\u00falgase la Ley N\u00ba 27.721 sancionada por el Honorable Congreso de la Naci\u00f3n en su sesi\u00f3n del d\u00eda 5 de julio de 2023&#8221;, se\u00f1ala la norma.<\/p>\n<p>El primer art\u00edculo establece que los beneficiarios &#8220;quedan eximidos de la obligaci\u00f3n de presentar la declaraci\u00f3n de supervivencia o fe de vida, as\u00ed como cualquier tr\u00e1mite complementario con igual fin, quedando sin efecto toda demostraci\u00f3n de subsistencia a cargo del beneficiario como condici\u00f3n para el cobro de sus haberes y dem\u00e1s beneficios previsionales&#8221;.<\/p>\n<p>La ley -sancionada por 170 votos a favor y 3 en contra- modifica el art\u00edculo 2 de la ley 26.704, y elimina el requisito de realizar acci\u00f3n alguna para acreditar supervivencia.<\/p>\n<p>La nueva redacci\u00f3n del art\u00edculo 2, establece que &#8220;los haberes o prestaciones de la seguridad social que integran el Sistema Integrado Previsional Argentino (SIPA) como aquellas comprendidas en el Sistema de Pensiones no Contributivas a cargo del Anses no requerir\u00e1n, en ning\u00fan caso, de la realizaci\u00f3n de acci\u00f3n deliberada alguna a cargo de la persona beneficiaria o apoderada para acreditar supervivencia&#8221;.<\/p>\n","protected":false},"excerpt":{"rendered":"<p>El primer art\u00edculo de la Ley 27.721 establece que los beneficiarios &#8220;quedan eximidos de la obligaci\u00f3n de presentar la declaraci\u00f3n de supervivencia o fe de vida, as\u00ed como cualquier tr\u00e1mite complementario con igual fin&#8221; &nbsp; &nbsp; La eliminaci\u00f3n del tr\u00e1mite de fe de vida de jubilados, pensionados y titulares de pensiones no contributivas, sancionada el 5 de julio pasado por el Congreso Nacional, comenz\u00f3 a regir a regir hoy con la publicaci\u00f3n del decreto que la promulga en el Bolet\u00edn Oficial. Se trata de la Ley 27.721, promulgada a trav\u00e9s&#8230;<\/p>\n","protected":false},"author":3,"featured_media":104885,"comment_status":"closed","ping_status":"closed","sticky":false,"template":"","format":"standard","meta":[],"categories":[2],"tags":[],"_links":{"self":[{"href":"https:\/\/www.actualidadadiario.com\/index.php\/wp-json\/wp\/v2\/posts\/104884"}],"collection":[{"href":"https:\/\/www.actualidadadiario.com\/index.php\/wp-json\/wp\/v2\/posts"}],"about":[{"href":"https:\/\/www.actualidadadiario.com\/index.php\/wp-json\/wp\/v2\/types\/post"}],"author":[{"embeddable":true,"href":"https:\/\/www.actualidadadiario.com\/index.php\/wp-json\/wp\/v2\/users\/3"}],"replies":[{"embeddable":true,"href":"https:\/\/www.actualidadadiario.com\/index.php\/wp-json\/wp\/v2\/comments?post=104884"}],"version-history":[{"count":1,"href":"https:\/\/www.actualidadadiario.com\/index.php\/wp-json\/wp\/v2\/posts\/104884\/revisions"}],"predecessor-version":[{"id":104886,"href":"https:\/\/www.actualidadadiario.com\/index.php\/wp-json\/wp\/v2\/posts\/104884\/revisions\/104886"}],"wp:featuredmedia":[{"embeddable":true,"href":"https:\/\/www.actualidadadiario.com\/index.php\/wp-json\/wp\/v2\/media\/104885"}],"wp:attachment":[{"href":"https:\/\/www.actualidadadiario.com\/index.php\/wp-json\/wp\/v2\/media?parent=104884"}],"wp:term":[{"taxonomy":"category","embeddable":true,"href":"https:\/\/www.actualidadadiario.com\/index.php\/wp-json\/wp\/v2\/categories?post=104884"},{"taxonomy":"post_tag","embeddable":true,"href":"https:\/\/www.actualidadadiario.com\/index.php\/wp-json\/wp\/v2\/tags?post=104884"}],"curies":[{"name":"wp","href":"https:\/\/api.w.org\/{rel}","templated":true}]}}