{"id":104871,"date":"2023-07-17T13:12:37","date_gmt":"2023-07-17T16:12:37","guid":{"rendered":"https:\/\/www.actualidadadiario.com\/?p=104871"},"modified":"2023-07-17T13:12:37","modified_gmt":"2023-07-17T16:12:37","slug":"cristina-kirchner-y-sergio-massa-otra-vez-juntos","status":"publish","type":"post","link":"https:\/\/www.actualidadadiario.com\/index.php\/2023\/07\/17\/cristina-kirchner-y-sergio-massa-otra-vez-juntos\/","title":{"rendered":"Cristina Kirchner y Sergio Massa, otra vez juntos"},"content":{"rendered":"<p style=\"text-align: center;\"><em><strong>La vicepresidenta y el ministro de Econom\u00eda encabezar\u00e1n la presentaci\u00f3n del nuevo simulador de vuelo de Aerol\u00edneas Argentinas. Ser\u00e1 el tercer acto juntos tras la confirmaci\u00f3n de la precandidatura de Massa<\/strong><\/em><\/p>\n<p>&nbsp;<\/p>\n<p>&nbsp;<\/p>\n<p>La vicepresidenta Cristina Fern\u00e1ndez de Kirchner acompa\u00f1ar\u00e1 este lunes al ministro de Econom\u00eda y precandidato presidencial de Uni\u00f3n por la Patria, Sergio Massa, en un acto en Ezeiza por los 15 a\u00f1os de la reestatizaci\u00f3n de Aerol\u00edneas Argentinas.<\/p>\n<p>&#8220;Hoy a las 16 hs en Ezeiza, junto a Sergio Massa y Pablo Ceriani, vamos a participar de la presentaci\u00f3n del nuevo simulador de vuelo de Aerol\u00edneas Argentinas, al cumplirse 15 a\u00f1os de la recuperaci\u00f3n de nuestra l\u00ednea a\u00e9rea de bandera&#8221;, escribi\u00f3 la expresidenta en sus redes sociales.<\/p>\n<p>La ceremonia se llevar\u00e1 a cabo en el Centro de Formaci\u00f3n y Entrenamiento de Pilotos de la Rep\u00fablica Argentina (Cefepra), ubicado en Ezeiza, pr\u00f3ximo al \u00e1rea de planta industrial de Aerol\u00edneas Argentinas y al aeropuerto internacional.<\/p>\n<p>De acuerdo con el anuncio oficial, se inaugurar\u00e1 un nuevo simulador para los aviones Boeing 737-max, que ser\u00e1 el primero en Sudam\u00e9rica y le permitir\u00e1 a la compa\u00f1\u00eda un importante ahorro en capacitaci\u00f3n de sus pilotos.<\/p>\n<p>&nbsp;<\/p>\n<p><strong>Los apoyos de Cristina Kirchner a Sergio Massa<\/strong><\/p>\n<p>El acto de este lunes ser\u00e1 el tercero que CFK comparte con Massa desde la confirmaci\u00f3n de su precandidatura presidencial.<\/p>\n<p>El primero fue el 26 de junio pasado, dos d\u00edas despu\u00e9s del cierre de listas electorales, cuando encabezaron en Aeroparque Jorge Newbery el acto de recuperaci\u00f3n del avi\u00f3n Skyvan PA-51, utilizado para los \u201cvuelos de la muerte\u201d de la Escuela Mec\u00e1nica de la Armada.<\/p>\n<p>En esa oportunidad, la vicepresidenta le cont\u00f3 a la militancia c\u00f3mo se lleg\u00f3 a la f\u00f3rmula Massa-Rossi y aprovech\u00f3 para reivindicar no solo la figura del ministro de Econom\u00eda sino la del ministro del Interior, Eduardo \u201cWado\u201d de Pedro, quien decidi\u00f3 bajar su precandidatura en una apuesta por la unidad.<\/p>\n<p>El segundo acto que compartieron Massa y Fern\u00e1ndez de Kirchner fue el 9 de julio, en la inauguraci\u00f3n del Gasoducto N\u00e9stor Kirchner, de la que tambi\u00e9n particip\u00f3 el presidente Alberto Fern\u00e1ndez, con quien la vicepresidenta no compart\u00eda escenario hac\u00eda bastante tiempo.<\/p>\n<p>\u201cTe hiciste cargo en un momento muy complejo, no arrugaste y eso siempre es bueno&#8221;, le dijo CFK a Massa, en un nuevo apoyo expl\u00edcito al precandidato. &#8220;Hay que entender que la funci\u00f3n p\u00fablica es 24 por 24, toda la libido debe estar concentrada en eso, no quiere decir que te salgan bien las cosas, pero si no le pon\u00e9s empe\u00f1o, seguro no te salen&#8221;, remarc\u00f3 entonces.<\/p>\n","protected":false},"excerpt":{"rendered":"<p>La vicepresidenta y el ministro de Econom\u00eda encabezar\u00e1n la presentaci\u00f3n del nuevo simulador de vuelo de Aerol\u00edneas Argentinas. Ser\u00e1 el tercer acto juntos tras la confirmaci\u00f3n de la precandidatura de Massa &nbsp; &nbsp; La vicepresidenta Cristina Fern\u00e1ndez de Kirchner acompa\u00f1ar\u00e1 este lunes al ministro de Econom\u00eda y precandidato presidencial de Uni\u00f3n por la Patria, Sergio Massa, en un acto en Ezeiza por los 15 a\u00f1os de la reestatizaci\u00f3n de Aerol\u00edneas Argentinas. &#8220;Hoy a las 16 hs en Ezeiza, junto a Sergio Massa y Pablo Ceriani, vamos a participar de la&#8230;<\/p>\n","protected":false},"author":3,"featured_media":104872,"comment_status":"closed","ping_status":"closed","sticky":false,"template":"","format":"standard","meta":[],"categories":[9],"tags":[],"_links":{"self":[{"href":"https:\/\/www.actualidadadiario.com\/index.php\/wp-json\/wp\/v2\/posts\/104871"}],"collection":[{"href":"https:\/\/www.actualidadadiario.com\/index.php\/wp-json\/wp\/v2\/posts"}],"about":[{"href":"https:\/\/www.actualidadadiario.com\/index.php\/wp-json\/wp\/v2\/types\/post"}],"author":[{"embeddable":true,"href":"https:\/\/www.actualidadadiario.com\/index.php\/wp-json\/wp\/v2\/users\/3"}],"replies":[{"embeddable":true,"href":"https:\/\/www.actualidadadiario.com\/index.php\/wp-json\/wp\/v2\/comments?post=104871"}],"version-history":[{"count":1,"href":"https:\/\/www.actualidadadiario.com\/index.php\/wp-json\/wp\/v2\/posts\/104871\/revisions"}],"predecessor-version":[{"id":104873,"href":"https:\/\/www.actualidadadiario.com\/index.php\/wp-json\/wp\/v2\/posts\/104871\/revisions\/104873"}],"wp:featuredmedia":[{"embeddable":true,"href":"https:\/\/www.actualidadadiario.com\/index.php\/wp-json\/wp\/v2\/media\/104872"}],"wp:attachment":[{"href":"https:\/\/www.actualidadadiario.com\/index.php\/wp-json\/wp\/v2\/media?parent=104871"}],"wp:term":[{"taxonomy":"category","embeddable":true,"href":"https:\/\/www.actualidadadiario.com\/index.php\/wp-json\/wp\/v2\/categories?post=104871"},{"taxonomy":"post_tag","embeddable":true,"href":"https:\/\/www.actualidadadiario.com\/index.php\/wp-json\/wp\/v2\/tags?post=104871"}],"curies":[{"name":"wp","href":"https:\/\/api.w.org\/{rel}","templated":true}]}}