{"id":104869,"date":"2023-07-17T12:55:21","date_gmt":"2023-07-17T15:55:21","guid":{"rendered":"https:\/\/www.actualidadadiario.com\/?p=104869"},"modified":"2023-07-17T12:55:21","modified_gmt":"2023-07-17T15:55:21","slug":"ya-se-puede-consultar-el-padron-definitivo-2","status":"publish","type":"post","link":"https:\/\/www.actualidadadiario.com\/index.php\/2023\/07\/17\/ya-se-puede-consultar-el-padron-definitivo-2\/","title":{"rendered":"Ya se puede consultar el padr\u00f3n definitivo"},"content":{"rendered":"<p style=\"text-align: center;\"><em><strong>Los ciudadanos habilitados a votar ya pueden consultar en la web los datos de lugar y mesa de votaci\u00f3n para las PASO del 13 de agosto. Hay que introducir n\u00famero de documento, g\u00e9nero, distrito donde vota e ingresar un c\u00f3digo verificador<\/strong><\/em><\/p>\n<p>&nbsp;<\/p>\n<p>&nbsp;<\/p>\n<p>La C\u00e1mara Nacional Electoral (CNE) inform\u00f3 hoy que ya est\u00e1 disponible el padr\u00f3n definitivo para las elecciones nacionales 2023 que, en el caso de Entre R\u00edos, tambi\u00e9n incluye las provinciales. .<\/p>\n<p>&#8220;La ciudadan\u00eda en condiciones de votar podr\u00e1 consultar los datos de lugar y mesa de votaci\u00f3n previstos para las PASO del 13 de agosto de este a\u00f1o&#8221;, afirm\u00f3 en un comunicado.<\/p>\n<p>A\u00f1adi\u00f3 que &#8220;el padr\u00f3n definitivo se puede consultar en el sitio web www.electoral.gob.ar y en www.padron.gob.ar. El elector\/a debe introducir su n\u00famero de documento, g\u00e9nero, distrito donde vota e ingresar un c\u00f3digo verificador&#8221;.<\/p>\n<p>La CNE public\u00f3 el padr\u00f3n provisorio el pasado 5 de mayo. Desde aqu\u00e9l d\u00eda los ciudadanos tuvieron tiempo hasta el viernes 19 de ese mismo mes para efectuar reclamos sobre sus datos en caso de que hayan figurado de forma incorrecta en el documento, como por ejemplo, la actualizaci\u00f3n del domicilio o la eliminaci\u00f3n de fallecidos. Adem\u00e1s, tambi\u00e9n se pod\u00edan elevar reclamos en caso de que no se figure en el padr\u00f3n. Ya a fines de mayo se comenz\u00f3 a depurar los padrones provisorios y a confeccionar el padr\u00f3n definitivo que fue publicado este viernes 14 de julio. Esta fecha se fij\u00f3 de acuerdo a los art\u00edculos 29 y 30 de la CNE, que establece que deben oficializarse 30 d\u00edas antes de las PASO. Adem\u00e1s, hoy comienza la designaci\u00f3n de Autoridades de Mesa.<\/p>\n<p>El padr\u00f3n definitivo se organiz\u00f3 de acuerdo a las demarcaciones territoriales, las mesas electorales correspondientes y por orden alfab\u00e9tico por apellido.<\/p>\n","protected":false},"excerpt":{"rendered":"<p>Los ciudadanos habilitados a votar ya pueden consultar en la web los datos de lugar y mesa de votaci\u00f3n para las PASO del 13 de agosto. Hay que introducir n\u00famero de documento, g\u00e9nero, distrito donde vota e ingresar un c\u00f3digo verificador &nbsp; &nbsp; La C\u00e1mara Nacional Electoral (CNE) inform\u00f3 hoy que ya est\u00e1 disponible el padr\u00f3n definitivo para las elecciones nacionales 2023 que, en el caso de Entre R\u00edos, tambi\u00e9n incluye las provinciales. . &#8220;La ciudadan\u00eda en condiciones de votar podr\u00e1 consultar los datos de lugar y mesa de votaci\u00f3n&#8230;<\/p>\n","protected":false},"author":3,"featured_media":101367,"comment_status":"closed","ping_status":"closed","sticky":false,"template":"","format":"standard","meta":[],"categories":[9],"tags":[],"_links":{"self":[{"href":"https:\/\/www.actualidadadiario.com\/index.php\/wp-json\/wp\/v2\/posts\/104869"}],"collection":[{"href":"https:\/\/www.actualidadadiario.com\/index.php\/wp-json\/wp\/v2\/posts"}],"about":[{"href":"https:\/\/www.actualidadadiario.com\/index.php\/wp-json\/wp\/v2\/types\/post"}],"author":[{"embeddable":true,"href":"https:\/\/www.actualidadadiario.com\/index.php\/wp-json\/wp\/v2\/users\/3"}],"replies":[{"embeddable":true,"href":"https:\/\/www.actualidadadiario.com\/index.php\/wp-json\/wp\/v2\/comments?post=104869"}],"version-history":[{"count":1,"href":"https:\/\/www.actualidadadiario.com\/index.php\/wp-json\/wp\/v2\/posts\/104869\/revisions"}],"predecessor-version":[{"id":104870,"href":"https:\/\/www.actualidadadiario.com\/index.php\/wp-json\/wp\/v2\/posts\/104869\/revisions\/104870"}],"wp:featuredmedia":[{"embeddable":true,"href":"https:\/\/www.actualidadadiario.com\/index.php\/wp-json\/wp\/v2\/media\/101367"}],"wp:attachment":[{"href":"https:\/\/www.actualidadadiario.com\/index.php\/wp-json\/wp\/v2\/media?parent=104869"}],"wp:term":[{"taxonomy":"category","embeddable":true,"href":"https:\/\/www.actualidadadiario.com\/index.php\/wp-json\/wp\/v2\/categories?post=104869"},{"taxonomy":"post_tag","embeddable":true,"href":"https:\/\/www.actualidadadiario.com\/index.php\/wp-json\/wp\/v2\/tags?post=104869"}],"curies":[{"name":"wp","href":"https:\/\/api.w.org\/{rel}","templated":true}]}}