{"id":104866,"date":"2023-07-17T12:54:20","date_gmt":"2023-07-17T15:54:20","guid":{"rendered":"https:\/\/www.actualidadadiario.com\/?p=104866"},"modified":"2023-07-17T12:54:20","modified_gmt":"2023-07-17T15:54:20","slug":"sergio-massa-visita-parana-este-lunes","status":"publish","type":"post","link":"https:\/\/www.actualidadadiario.com\/index.php\/2023\/07\/17\/sergio-massa-visita-parana-este-lunes\/","title":{"rendered":"Sergio Massa visita Paran\u00e1 este lunes"},"content":{"rendered":"<p style=\"text-align: center;\"><em><strong>El ministro de Econom\u00eda de la Naci\u00f3n y precandidato a presidente por Uni\u00f3n por la Patria, Sergio Massa, llegar\u00e1 este lunes a la ciudad de Paran\u00e1 con una agenda de actividades de gesti\u00f3n y de campa\u00f1a electoral. A las 11 acompa\u00f1ar\u00e1 a Bordet en la entrega de 500 viviendas del IAPV. Tambi\u00e9n mantendr\u00e1 una agenda pol\u00edtica a definir<\/strong><\/em><\/p>\n<p>&nbsp;<\/p>\n<p>&nbsp;<\/p>\n<p>El arribo del funcionario nacional a la capital entrerriana se dar\u00eda antes del mediod\u00eda de este lunes y fue adelantado a Uno por su equipo de prensa, aunque no fue a\u00fan anunciado oficialmente desde el gobierno provincial.<\/p>\n<p>La visita de Massa comenzar\u00eda y se centrar\u00eda primero en la entrega de las 500 viviendas que se construyeron en Paran\u00e1 con financiamiento del gobierno provincial y nacional a trav\u00e9s del Instituto Aut\u00e1rquico de Planeamiento y Vivienda (IAPV), ubicadas entre las calles Juan B\u00e1ez, Selva de Montiel, y Calle P\u00fablica.<\/p>\n<p>El acto de entrega est\u00e1 previsto para las 11 de este lunes, seg\u00fan indicaron a UNO desde el organismo provincial de vivienda. Acompa\u00f1ar\u00e1n a Massa el gobernador y precandidato a diputado nacional de M\u00e1s para Entre R\u00edos, Gustavo Bordet, y el intendente de Paran\u00e1 y precandidato a gobernador, Ad\u00e1n Bahl, junto a su compa\u00f1era de f\u00f3rmula e intendenta de Villaguay, Claudia Monjo, entre otros funcionarios y precandidatos locales del peronismo.<\/p>\n<p>El desembarco del l\u00edder del Frente Renovador en Paran\u00e1 incluir\u00e1 tambi\u00e9n actividades pol\u00edticas electorales, aunque esta agenda est\u00e1 planific\u00e1ndose y no est\u00e1n definidos los actos que encabezar\u00e1 el precandidato presidencial junto a los m\u00e1ximos referentes del oficialismo entrerriano. Se trata de la primera llegada de Massa a Entre R\u00edos en campa\u00f1a para las elecciones 2023.<\/p>\n<p>El \u00faltimo paso del ministro por Entre R\u00edos fue en enero, cuando eligi\u00f3 el complejo del Grupo Motta en la localidad de Racedo para presentar el programa de fortalecimiento porcino y av\u00edcola del gobierno nacional, junto a su secretario entrerriano de Agricultura, Juan Jos\u00e9 Bahillo.<\/p>\n<p>&nbsp;<\/p>\n<p><strong>Las viviendas<\/strong><\/p>\n<p>Las 500 casas que inaugurar\u00e1n Massa, Bordet y Bahl se construyeron de manera &#8220;no tradicional&#8221;, en seco la mamposter\u00eda interior y con paneles autoportantes la mamposter\u00eda exterior. Cada vivienda tiene 55 metros cuadrados, cocina, living\/comedor, ba\u00f1o y dos habitaciones. Tambi\u00e9n cuentan con la instalaci\u00f3n de termotanque solar. Este lunes, junto con las llaves, se entregar\u00e1 un manual de usuario junto con los planos correspondientes a cada adjudicatario.<\/p>\n<p>Las casas se van a entregar con todos los servicios esenciales: agua, cloacas, energ\u00eda, alumbrado p\u00fablico y apertura de calles.<\/p>\n<p>&nbsp;<\/p>\n<p><strong>Pavimentaci\u00f3n<\/strong><\/p>\n<p>La obra de pavimentaci\u00f3n de las calles del barrio se encuentran en proceso de adjudicaci\u00f3n y surge ante la necesidad de brindar una soluci\u00f3n a los adjudicatarios del grupo habitacional Paran\u00e1 500 Viviendas, ante la falta de una calzada pavimentada que les permita circular adecuadamente. El objetivo es garantizar las condiciones de infraestructura, accesibilidad, movilidad y seguridad en las distintas arterias que conforman el barrio.<\/p>\n<p>Este plan comprende los trabajos de pavimento r\u00edgido, cordones cunetas y obras complementarias de desag\u00fces, a fin de mejorar el tr\u00e1nsito vehicular de la zona y sus accesos distribuidos en un total de 59 cuadras, ubicadas en calle Juan B\u00e1ez al final.<\/p>\n<p>&nbsp;<\/p>\n<p><strong>Planta de tratamiento cloacales<\/strong><\/p>\n<p>En forma paralela, se encuentra en plena ejecuci\u00f3n la planta de tratamiento de l\u00edquidos cloacales. Se trata de una obra que financia el Ente Nacional de Obras H\u00eddricas de Saneamiento (Enohsa) para todo el sector. Esto permitir\u00e1 que las viviendas se entreguen con todos los servicios necesarios para garantizar la calidad de vida de los vecinos.<\/p>\n","protected":false},"excerpt":{"rendered":"<p>El ministro de Econom\u00eda de la Naci\u00f3n y precandidato a presidente por Uni\u00f3n por la Patria, Sergio Massa, llegar\u00e1 este lunes a la ciudad de Paran\u00e1 con una agenda de actividades de gesti\u00f3n y de campa\u00f1a electoral. A las 11 acompa\u00f1ar\u00e1 a Bordet en la entrega de 500 viviendas del IAPV. Tambi\u00e9n mantendr\u00e1 una agenda pol\u00edtica a definir &nbsp; &nbsp; El arribo del funcionario nacional a la capital entrerriana se dar\u00eda antes del mediod\u00eda de este lunes y fue adelantado a Uno por su equipo de prensa, aunque no fue&#8230;<\/p>\n","protected":false},"author":3,"featured_media":104867,"comment_status":"closed","ping_status":"closed","sticky":false,"template":"","format":"standard","meta":[],"categories":[15],"tags":[],"_links":{"self":[{"href":"https:\/\/www.actualidadadiario.com\/index.php\/wp-json\/wp\/v2\/posts\/104866"}],"collection":[{"href":"https:\/\/www.actualidadadiario.com\/index.php\/wp-json\/wp\/v2\/posts"}],"about":[{"href":"https:\/\/www.actualidadadiario.com\/index.php\/wp-json\/wp\/v2\/types\/post"}],"author":[{"embeddable":true,"href":"https:\/\/www.actualidadadiario.com\/index.php\/wp-json\/wp\/v2\/users\/3"}],"replies":[{"embeddable":true,"href":"https:\/\/www.actualidadadiario.com\/index.php\/wp-json\/wp\/v2\/comments?post=104866"}],"version-history":[{"count":1,"href":"https:\/\/www.actualidadadiario.com\/index.php\/wp-json\/wp\/v2\/posts\/104866\/revisions"}],"predecessor-version":[{"id":104868,"href":"https:\/\/www.actualidadadiario.com\/index.php\/wp-json\/wp\/v2\/posts\/104866\/revisions\/104868"}],"wp:featuredmedia":[{"embeddable":true,"href":"https:\/\/www.actualidadadiario.com\/index.php\/wp-json\/wp\/v2\/media\/104867"}],"wp:attachment":[{"href":"https:\/\/www.actualidadadiario.com\/index.php\/wp-json\/wp\/v2\/media?parent=104866"}],"wp:term":[{"taxonomy":"category","embeddable":true,"href":"https:\/\/www.actualidadadiario.com\/index.php\/wp-json\/wp\/v2\/categories?post=104866"},{"taxonomy":"post_tag","embeddable":true,"href":"https:\/\/www.actualidadadiario.com\/index.php\/wp-json\/wp\/v2\/tags?post=104866"}],"curies":[{"name":"wp","href":"https:\/\/api.w.org\/{rel}","templated":true}]}}