{"id":104864,"date":"2023-07-17T12:53:26","date_gmt":"2023-07-17T15:53:26","guid":{"rendered":"https:\/\/www.actualidadadiario.com\/?p=104864"},"modified":"2023-07-17T12:53:26","modified_gmt":"2023-07-17T15:53:26","slug":"la-familia-de-una-joven-concordiense-solicita-datos-sobre-su-paradero","status":"publish","type":"post","link":"https:\/\/www.actualidadadiario.com\/index.php\/2023\/07\/17\/la-familia-de-una-joven-concordiense-solicita-datos-sobre-su-paradero\/","title":{"rendered":"La familia de una joven concordiense solicita datos sobre su paradero"},"content":{"rendered":"<p style=\"text-align: center;\"><em><strong>Seg\u00fan expresaron desde su c\u00edrculo familiar, la joven hace m\u00e1s de una semana no da se\u00f1ales de su ubicaci\u00f3n. Fuentes policiales confirmaron que existe una presentaci\u00f3n formal al respecto<\/strong><\/em><\/p>\n<p>&nbsp;<\/p>\n<p>&nbsp;<\/p>\n<p>Si bien el pedido hab\u00eda circulado en redes sociales durante las \u00faltimas horas, este lunes se pudo conocer que existe una denuncia formal. Se trata del pedido de ubicaci\u00f3n de la joven concordiense Luisina Celina Leoncino, de 24 a\u00f1os.<\/p>\n<p>Desde su c\u00edrculo familiar afirman que \u00abdesde el domingo 9 de julio\u00bb no saben nada de su paradero, a pesar de que \u00abes alguien que es muy independiente pero tiene mucha actividad en sus redes sociales y con su celular\u00bb.<\/p>\n<p>&nbsp;<\/p>\n<p><strong>Datos<\/strong><\/p>\n<p>La joven es de estatura media, pelo casta\u00f1o claro, tez blanca, ojos marrones pero lamentablemente no se sabe qu\u00e9 ropa ten\u00eda puesta.<\/p>\n<p>Otras versiones indicaron que fue vista el pasado jueves, aproximadamente a las 17:30 horas, en un comercio ubicado en calle Las Heras y 25 de Mayo.<\/p>\n<p>\u00abNo prende el celular desde el domingo 9 de julio y no le vemos estados en el whatsapp\u00bb, comentaron familiares a este medio. Subrayando adem\u00e1s que es \u00abmam\u00e1 de dos nenes\u00bb.<\/p>\n<p>&nbsp;<\/p>\n<p><strong>Polic\u00eda<\/strong><\/p>\n<p>Este lunes, fuentes policiales confirmaron que la exposici\u00f3n la tom\u00f3 comisar\u00eda Cuarta y la remiti\u00f3 a la Sexta. Tambi\u00e9n se pudo saber que \u00abhace varios a\u00f1os que no vive con la madre, estuvo conviniendo con el padre pero no se encuentra all\u00ed\u00bb.<\/p>\n<p>Sin embargo, pudo detectarse que tuvo actividad reciente en su perfil de Facebook.<\/p>\n<p>Por \u00faltimo, se indic\u00f3 que personal de comisar\u00eda Sexta \u00abest\u00e1 llevando adelante las averiguaciones para dar con el paradero y tambi\u00e9n se le informo a la Fiscal\u00eda sobre este Pedido de Localizaci\u00f3n\u00bb.<\/p>\n","protected":false},"excerpt":{"rendered":"<p>Seg\u00fan expresaron desde su c\u00edrculo familiar, la joven hace m\u00e1s de una semana no da se\u00f1ales de su ubicaci\u00f3n. Fuentes policiales confirmaron que existe una presentaci\u00f3n formal al respecto &nbsp; &nbsp; Si bien el pedido hab\u00eda circulado en redes sociales durante las \u00faltimas horas, este lunes se pudo conocer que existe una denuncia formal. Se trata del pedido de ubicaci\u00f3n de la joven concordiense Luisina Celina Leoncino, de 24 a\u00f1os. Desde su c\u00edrculo familiar afirman que \u00abdesde el domingo 9 de julio\u00bb no saben nada de su paradero, a pesar&#8230;<\/p>\n","protected":false},"author":3,"featured_media":104858,"comment_status":"closed","ping_status":"closed","sticky":false,"template":"","format":"standard","meta":[],"categories":[15],"tags":[],"_links":{"self":[{"href":"https:\/\/www.actualidadadiario.com\/index.php\/wp-json\/wp\/v2\/posts\/104864"}],"collection":[{"href":"https:\/\/www.actualidadadiario.com\/index.php\/wp-json\/wp\/v2\/posts"}],"about":[{"href":"https:\/\/www.actualidadadiario.com\/index.php\/wp-json\/wp\/v2\/types\/post"}],"author":[{"embeddable":true,"href":"https:\/\/www.actualidadadiario.com\/index.php\/wp-json\/wp\/v2\/users\/3"}],"replies":[{"embeddable":true,"href":"https:\/\/www.actualidadadiario.com\/index.php\/wp-json\/wp\/v2\/comments?post=104864"}],"version-history":[{"count":1,"href":"https:\/\/www.actualidadadiario.com\/index.php\/wp-json\/wp\/v2\/posts\/104864\/revisions"}],"predecessor-version":[{"id":104865,"href":"https:\/\/www.actualidadadiario.com\/index.php\/wp-json\/wp\/v2\/posts\/104864\/revisions\/104865"}],"wp:featuredmedia":[{"embeddable":true,"href":"https:\/\/www.actualidadadiario.com\/index.php\/wp-json\/wp\/v2\/media\/104858"}],"wp:attachment":[{"href":"https:\/\/www.actualidadadiario.com\/index.php\/wp-json\/wp\/v2\/media?parent=104864"}],"wp:term":[{"taxonomy":"category","embeddable":true,"href":"https:\/\/www.actualidadadiario.com\/index.php\/wp-json\/wp\/v2\/categories?post=104864"},{"taxonomy":"post_tag","embeddable":true,"href":"https:\/\/www.actualidadadiario.com\/index.php\/wp-json\/wp\/v2\/tags?post=104864"}],"curies":[{"name":"wp","href":"https:\/\/api.w.org\/{rel}","templated":true}]}}