{"id":104861,"date":"2023-07-17T12:52:42","date_gmt":"2023-07-17T15:52:42","guid":{"rendered":"https:\/\/www.actualidadadiario.com\/?p=104861"},"modified":"2023-07-17T12:52:42","modified_gmt":"2023-07-17T15:52:42","slug":"con-mas-de-17-mil-visitas-salto-grande-se-consolida-como-espacio-turistico-en-la-region","status":"publish","type":"post","link":"https:\/\/www.actualidadadiario.com\/index.php\/2023\/07\/17\/con-mas-de-17-mil-visitas-salto-grande-se-consolida-como-espacio-turistico-en-la-region\/","title":{"rendered":"Con m\u00e1s de 17 mil visitas, Salto Grande se consolida como espacio tur\u00edstico en la Regi\u00f3n"},"content":{"rendered":"<p style=\"text-align: center;\"><em><strong>Durante las vacaciones de julio, contin\u00faan abiertos al p\u00fablico los recorridos por el Complejo Hidroel\u00e9ctrico, Ecoparque, Museo y Paseo del Museo, todos los d\u00edas, de 7 a 15 horas<\/strong><\/em><\/p>\n<p>&nbsp;<\/p>\n<p>&nbsp;<\/p>\n<p>Como parte de la agenda tur\u00edstica, en el transcurso del primer semestre de 2023, m\u00e1s de 17 mil personas visitaron los diversos atractivos que hacen a la oferta del organismo binacional, propiciando eventos especiales como la Noche de los Museos, exposiciones art\u00edsticas mensuales y programas destinados al desarrollo educativo y tur\u00edstico-social.<\/p>\n<p>\u201cDesde el comienzo de gesti\u00f3n, nos propusimos nuevos desaf\u00edos a trav\u00e9s de m\u00e1s propuestas, instalaciones y espacios para el disfrute y desarrollo de nuestros vecinos y turistas. Queremos que Salto Grande contin\u00fae siendo un lugar confortable para quienes nos visitan, con una oferta de valor, amplia y diversa\u201d, expres\u00f3 el Presidente de la Delegaci\u00f3n Argentina, Luis Benedetto.<\/p>\n<p>Se destaca, adem\u00e1s, que Salto Grande ampli\u00f3 su propuesta con la apertura del Paseo del Museo, un nuevo espacio ubicado en las inmediaciones del Museo y Centro Cultural Salto Grande, con juegos e instalaciones para el disfrute de turistas, escuelas y vecinos de la Regi\u00f3n.<\/p>\n<p>Por otro lado, la Jefa de Relaciones P\u00fablicas de Salto Grande, M\u00f3nica Blanco, dijo: \u201cTrabajamos d\u00eda a d\u00eda para no dejar de elevar el nivel de atenci\u00f3n y servicio que merece un organismo de la trascendencia de Salto Grande. Es un verdadero placer ver c\u00f3mo manifiestan su contento los turistas y vecinos luego de cada recorrido, en cada muestra art\u00edstica del museo, en las redes sociales y en cada evento o nueva propuesta que llevamos adelante\u201d.<\/p>\n<p>\u201cComo siempre, los esperamos en estas vacaciones para conocer y disfrutar de la magnitud de esta gran obra que es Salto Grande y de toda la belleza natural que la rodea\u201d, cerr\u00f3 Blanco.<\/p>\n<p>Las visitas a Salto Grande se encuentran abiertas al p\u00fablico todos los d\u00edas de 7 a 15 horas, present\u00e1ndose para su inscripci\u00f3n en el Museo y Centro Cultural. La misma no exige reservaci\u00f3n previa.<\/p>\n<p>&nbsp;<\/p>\n<p><strong>Las propuestas de Salto Grande en vacaciones de julio<\/strong><\/p>\n<p>La visita al Complejo Hidroel\u00e9ctrico incluye un recorrido guiado en micro, con descenso en la sala de m\u00e1quinas y mirador del lado argentino, en el que se explica c\u00f3mo se produce la energ\u00eda y la importancia de los diferentes sectores que hacen posible su generaci\u00f3n.<\/p>\n<p>El Ecoparque ofrece un \u00e1rea de protecci\u00f3n y conservaci\u00f3n ambiental para observar y tomar contacto con la biodiversidad nativa de Salto Grande. Pensado tambi\u00e9n para usos educativos, recreativos y tur\u00edsticos, cuenta con recorridos y miradores, que permiten apreciar la fauna y flora aut\u00f3ctona, y una zona recreativa para disfrutar del aire libre con juegos para chicos, mesas, anfiteatro y un reloj de sol.<\/p>\n<p>En la visita al Museo y Centro Cultural Salto Grande, inaugurado en septiembre de 2002 en la Parada Ayu\u00ed, se conoce la historia del proyecto y la obra que dieron vida a la Represa de Salto Grande y c\u00f3mo se gestiona y genera la energ\u00eda. Se puede apreciar material original de la \u00e9poca de la construcci\u00f3n, como as\u00ed mismo una r\u00e9plica en escala de las turbinas y la escala de peces.<\/p>\n<p>Adem\u00e1s, cuenta con pantallas interactivas, maquetas, distintos elementos de valor arqueol\u00f3gico y un espacio cultural destinado a diferentes artistas de la regi\u00f3n. En este \u00faltimo, se exhibir\u00e1, durante el mes de julio, una nueva Muestra de dibujos y pinturas: tres per\u00edodos de la obra del reconocido artista concordiense, Nicol\u00e1s Passarella.<\/p>\n<p>Por \u00faltimo, el Museo ofrece en sus inmediaciones el Paseo del Museo, un nuevo espacio p\u00fablico destinado al disfrute de visitantes y vecinos de la Regi\u00f3n, con juegos e instalaciones de uso recreativo.<\/p>\n","protected":false},"excerpt":{"rendered":"<p>Durante las vacaciones de julio, contin\u00faan abiertos al p\u00fablico los recorridos por el Complejo Hidroel\u00e9ctrico, Ecoparque, Museo y Paseo del Museo, todos los d\u00edas, de 7 a 15 horas &nbsp; &nbsp; Como parte de la agenda tur\u00edstica, en el transcurso del primer semestre de 2023, m\u00e1s de 17 mil personas visitaron los diversos atractivos que hacen a la oferta del organismo binacional, propiciando eventos especiales como la Noche de los Museos, exposiciones art\u00edsticas mensuales y programas destinados al desarrollo educativo y tur\u00edstico-social. \u201cDesde el comienzo de gesti\u00f3n, nos propusimos nuevos&#8230;<\/p>\n","protected":false},"author":3,"featured_media":104862,"comment_status":"closed","ping_status":"closed","sticky":false,"template":"","format":"standard","meta":[],"categories":[15],"tags":[],"_links":{"self":[{"href":"https:\/\/www.actualidadadiario.com\/index.php\/wp-json\/wp\/v2\/posts\/104861"}],"collection":[{"href":"https:\/\/www.actualidadadiario.com\/index.php\/wp-json\/wp\/v2\/posts"}],"about":[{"href":"https:\/\/www.actualidadadiario.com\/index.php\/wp-json\/wp\/v2\/types\/post"}],"author":[{"embeddable":true,"href":"https:\/\/www.actualidadadiario.com\/index.php\/wp-json\/wp\/v2\/users\/3"}],"replies":[{"embeddable":true,"href":"https:\/\/www.actualidadadiario.com\/index.php\/wp-json\/wp\/v2\/comments?post=104861"}],"version-history":[{"count":1,"href":"https:\/\/www.actualidadadiario.com\/index.php\/wp-json\/wp\/v2\/posts\/104861\/revisions"}],"predecessor-version":[{"id":104863,"href":"https:\/\/www.actualidadadiario.com\/index.php\/wp-json\/wp\/v2\/posts\/104861\/revisions\/104863"}],"wp:featuredmedia":[{"embeddable":true,"href":"https:\/\/www.actualidadadiario.com\/index.php\/wp-json\/wp\/v2\/media\/104862"}],"wp:attachment":[{"href":"https:\/\/www.actualidadadiario.com\/index.php\/wp-json\/wp\/v2\/media?parent=104861"}],"wp:term":[{"taxonomy":"category","embeddable":true,"href":"https:\/\/www.actualidadadiario.com\/index.php\/wp-json\/wp\/v2\/categories?post=104861"},{"taxonomy":"post_tag","embeddable":true,"href":"https:\/\/www.actualidadadiario.com\/index.php\/wp-json\/wp\/v2\/tags?post=104861"}],"curies":[{"name":"wp","href":"https:\/\/api.w.org\/{rel}","templated":true}]}}