{"id":104852,"date":"2023-07-17T12:48:23","date_gmt":"2023-07-17T15:48:23","guid":{"rendered":"https:\/\/www.actualidadadiario.com\/?p=104852"},"modified":"2023-07-17T12:48:23","modified_gmt":"2023-07-17T15:48:23","slug":"bordet-formalizo-el-inicio-de-obras-en-escuelas-tecnicas","status":"publish","type":"post","link":"https:\/\/www.actualidadadiario.com\/index.php\/2023\/07\/17\/bordet-formalizo-el-inicio-de-obras-en-escuelas-tecnicas\/","title":{"rendered":"Bordet formaliz\u00f3 el inicio de obras en escuelas t\u00e9cnicas"},"content":{"rendered":"<p style=\"text-align: center;\"><em><strong>El gobernador Gustavo Bordet encabez\u00f3 el acto de llamado a licitaci\u00f3n y firmas de contrato para iniciar obras de infraestructura en distintas localidades de Entre R\u00edos por 6.000 millones de pesos, entre las que se encuentran tres escuelas t\u00e9cnicas. \u201cMejor que decir es hacer\u201d, resalt\u00f3<\/strong><\/em><\/p>\n<p>&nbsp;<\/p>\n<p>&nbsp;<\/p>\n<p>Entre otras obras, Bordet firm\u00f3 el contrato para la refacci\u00f3n y ampliaci\u00f3n de la Escuela T\u00e9cnica N\u00ba 7, de San Justo, departamento Uruguay, donde se invertir\u00e1n m\u00e1s de 318.288.527 de pesos; y llam\u00f3 a licitaci\u00f3n la obra de ampliaci\u00f3n y refacci\u00f3n de la Escuela T\u00e9cnica N\u00ba 4 &#8211; Centro de Formaci\u00f3n Profesional N\u00ba1, de Paran\u00e1, con un presupuesto superior a los 870 millones, y para la construcci\u00f3n de Escuela de Educaci\u00f3n T\u00e9cnica N\u00ba 18 &#8220;Arq. Clorindo Testa&#8221; de San Benito, por casi 500 millones de pesos.<\/p>\n<p>&nbsp;<\/p>\n<p><strong>Priorizar la educaci\u00f3n t\u00e9cnica<\/strong><\/p>\n<p>Durante el acto, el mandatario entrerriano record\u00f3 la \u201cdecisi\u00f3n que hemos tomado desde el inicio de gesti\u00f3n: priorizar la educaci\u00f3n t\u00e9cnica y agrot\u00e9cnica\u201d. Explic\u00f3 que ello le \u201cda a nuestros chicos y chicas conocimientos espec\u00edficos y un perfil que le permiten incorporarse al mercado laboral\u201d. Adem\u00e1s, \u201calguien que se grad\u00faa en una escuela agrot\u00e9cnica cuenta con mayores herramientas para trabajar en la zona rural, puede desarrollarse en su propio lugar y, de esa manera, consolidar la ruralidad en Entre R\u00edos&#8221;.<\/p>\n<p>\u201cLas escuelas t\u00e9cnicas tienen que ver con un perfil de pa\u00eds productivo, que necesita operarios, t\u00e9cnicos, profesionales para trabajar en la industria. Cuando se paralizan las escuelas t\u00e9cnicas es porque se est\u00e1 priorizando un pa\u00eds que prioriza la especulaci\u00f3n por sobre la producci\u00f3n y sobre la industria&#8221;, distingui\u00f3 Bordet y se\u00f1al\u00f3 que &#8220;por eso es importante que haya tres nuevas escuelas t\u00e9cnicas porque representan oportunidades para nuestros j\u00f3venes en Entre R\u00edos&#8221;.<\/p>\n<p>En ese sentido, el mandatario provincial cit\u00f3 al ex presidente Juan Domingo Per\u00f3n y sostuvo que \u201cmejor que decir es hacer, y mejor que prometer es realizar\u201d.<\/p>\n<p>&nbsp;<\/p>\n<p><strong>Del expediente al territorio<\/strong><\/p>\n<p>Durante el acto, que se desarroll\u00f3 en el Sal\u00f3n Blanco de Casa de Gobierno, Bordet valor\u00f3 compartir &#8220;la jornada de trabajo con presidentes municipales de diferentes localidades&#8221;.<\/p>\n<p>Record\u00f3 su paso por la intendencia de Concordia y asegur\u00f3 que el acto le &#8220;genera una gratificaci\u00f3n tan grande como la que sienten ustedes de materializar acciones que primero fueron ante proyectos y luego se plasmaron en un expediente hasta llegar al territorio\u201d.<\/p>\n<p>Tambi\u00e9n agradeci\u00f3 la labor de las y los legisladores porque &#8220;han sido parte importante del seguimiento de estas obras\u201d.<\/p>\n<p>&nbsp;<\/p>\n<p><strong>\u201cMuy diferente\u201d<\/strong><\/p>\n<p>\u201cSi alguien, en el despacho, les dice que hay una obra de electrificaci\u00f3n rural en San Ram\u00f3n, en el departamento Federaci\u00f3n, en el norte de la provincia, uno puede tener una vaga idea de lo que es San Ram\u00f3n. Pone el Google Maps, aparece y lo visualiza. Pero cr\u00e9anme que es muy diferente ir a San Ram\u00f3n, hablar con Mar\u00eda Eva, hacerse carne del proyecto y ver la importancia que tiene esa obra. Al decir de la presidenta de la junta de gobierno, es tener luz para los vecinos y las empresas, porque es una zona citr\u00edcola y de aserraderos que necesita potencia energ\u00e9tica&#8221;, diferenci\u00f3 Bordet.<\/p>\n<p>En esa l\u00ednea, aclar\u00f3 que &#8220;no es una obra barata, son cerca de 600 millones de pesos. Pero es necesaria para que las familias se afinquen, vivan y se genere mano de obra y puestos de trabajo\u201d.<\/p>\n<p>\u201cEsto habla tambi\u00e9n del trabajo de las y los presidentes de junta de gobierno, que muchas veces no son reconocidos y que trabajan ad honorem. Para eso creamos la Ley de comunas y ahora la Legislatura nos ha aprobado la creaci\u00f3n de nuevas comunas que a partir del a\u00f1o que viene comenzar\u00e1n a funcionar. Esto le dar\u00e1 m\u00e1s independencia econ\u00f3mica\u201d, detall\u00f3 el mandatario.<\/p>\n<p>&nbsp;<\/p>\n<p><strong>Priorizar la educaci\u00f3n t\u00e9cnica<\/strong><\/p>\n<p>Tambi\u00e9n resalt\u00f3 la ejecuci\u00f3n de obras para tres escuelas t\u00e9cnicas, y record\u00f3 la \u201cdecisi\u00f3n que hemos tomado desde el inicio de gesti\u00f3n: priorizar la educaci\u00f3n t\u00e9cnica y agrot\u00e9cnica\u201d. Explic\u00f3 que ello le \u201cda a nuestros chicos y chicas conocimientos espec\u00edficos y un perfil que le permiten incorporarse al mercado laboral\u201d. Adem\u00e1s, \u201calguien que se grad\u00faa en una escuela agrot\u00e9cnica cuenta con mayores herramientas para trabajar en la zona rural, puede desarrollarse en su propio lugar y, de esa manera, consolidar la ruralidad en Entre R\u00edos&#8221;.<\/p>\n<p>\u201cLas escuelas t\u00e9cnicas tienen que ver con un perfil de pa\u00eds productivo, que necesita operarios, t\u00e9cnicos, profesionales para trabajar en la industria. Cuando se paralizan las escuelas t\u00e9cnicas es porque se est\u00e1 priorizando un pa\u00eds que prioriza la especulaci\u00f3n por sobre la producci\u00f3n y sobre la industria&#8221;, distingui\u00f3 Bordet y se\u00f1al\u00f3 que &#8220;por eso es importante que haya tres nuevas escuelas t\u00e9cnicas porque representan oportunidades para nuestros j\u00f3venes en Entre R\u00edos&#8221;.<\/p>\n<p>&nbsp;<\/p>\n<p><strong>Transparencia y no discriminaci\u00f3n<\/strong><\/p>\n<p>M\u00e1s adelante, destac\u00f3 Bordet que para la ejecuci\u00f3n de cada una de esas obras &#8220;hay una empresa distinta&#8221; y que &#8220;los procesos licitatorios son todos transparentes, p\u00fablicos y la empresa que mejor cotiza, gana&#8221;. Adem\u00e1s subray\u00f3 que &#8220;los trabajadores que se contratan son de la misma zona donde se realizan las obras y esto dinamiza la econom\u00eda de cada localidad de la provincia&#8221;.<\/p>\n<p>Para finalizar, remarc\u00f3 una vez m\u00e1s que &#8220;aqu\u00ed no hacemos discriminaciones, hay intendentes de todos los partidos pol\u00edticos. Es lo que corresponde cuando uno est\u00e1 en gesti\u00f3n de gobierno. Pero tambi\u00e9n, quiero decirlo, cuando vienen \u00e9pocas electorales se prometen muchas cosas y alguien que yo admir\u00e9 mucho dec\u00eda que mejor que decir es hacer, y que mejor que prometer es realizar. Y lo que estamos haciendo es eso y cumplir con nuestra palabra que es para lo que estamos ac\u00e1. El resto tendr\u00e1 que demostrarlo en la cancha, no en las palabras&#8221;.<\/p>\n<p>En el acto, realizado en el Sal\u00f3n Blanco, estuvieron el intendente de Paran\u00e1, Ad\u00e1n Bahl; las ministras de Gobierno, Rosario Romero, y de Salud, Sonia Vel\u00e1zquez; y sus pares de Econom\u00eda, Hugo Ballay, y de Planeamiento, Marcelo Richard; la presidenta de la Fundaci\u00f3n Iapser, Mariel \u00c1vila; el secretario General de la Gobernaci\u00f3n, Franco Ferrari, y la secretaria de Energ\u00eda, Silvina Guerra; la directora administradora de Vialidad Provincial, Alicia Ben\u00edtez; los presidentes municipales de San Salvador, San Justo, San Benito, Gualeguaych\u00fa y Villa Libertador San Mart\u00edn, y la presidenta de la junta de Gobierno San Ram\u00f3n; legisladores provinciales, escribano Mayor de Gobierno y funcionarios provinciales.<\/p>\n<p>&nbsp;<\/p>\n<p><strong>La Entre R\u00edos que viene<\/strong><\/p>\n<p>Al finalizar el acto, el intendente de Paran\u00e1, Ad\u00e1n Bahl, sostuvo que &#8220;lo que vemos ac\u00e1 es un gobierno provincial con profundas convicciones federales, que distribuye los recursos en todo el territorio provincial, sin distinciones de color pol\u00edtico y tanto en zonas rurales como urbanas&#8221;.<\/p>\n<p>&#8220;En todos los pueblos y ciudades entrerrianos, hay obras financiadas o gestionadas por el gobierno provincial, lo que demuestra que nuestro gobernador no es federal de palabra, sino que respalda su discurso con decisiones&#8221;, acot\u00f3.<\/p>\n<p>Y agreg\u00f3: &#8220;La Entre R\u00edos que viene se construye apoyando la fuerza de cada pueblo y ciudad, sin importar el n\u00famero de habitantes que tenga o el partido pol\u00edtico que gobierne, porque la \u00fanica prioridad es mejorar la vida de todos los entrerrianos.&#8221;<\/p>\n<p>A su turno, la presidenta de la Junta de Gobierno de San Ram\u00f3n, Mar\u00eda Eva Acevedo Mi\u00f1o, se\u00f1al\u00f3 que la obra &#8220;es algo muy esperado, estoy muy conforme y muy agradecida con el gobernador porque es algo muy bueno para las personas que no tienen luz, y esto mejora la calidad de vida, el trabajo y todo lo dem\u00e1s&#8221;.<\/p>\n<p>A su turno, el presidente municipal de San Justo, Fernando Viganoni, agradeci\u00f3 al mandatario por &#8220;esta obra tan esperada por nosotros de ampliaci\u00f3n y refacci\u00f3n de la escuela T\u00e9cnica N\u00ba 7. Fue un compromiso asumido por el gobernador en su visita hace poco m\u00e1s de un a\u00f1o, los pasos para concretar el inicio de la obra han sido muy r\u00e1pidos y estamos muy contentos&#8221;.<\/p>\n<p>&#8220;Esta es una obra que le cambia la vida a nuestros gurises, la escuela funciona en un edificio municipal y hoy en d\u00eda poder decir que se va a construir una nueva escuela es un orgullo muy grande y m\u00e1s a\u00fan que sea usted se\u00f1or gobernador quien pueda concretarla. Sin duda va a ser la obra m\u00e1s importante de infraestructura escolar para nuestra localidad&#8221;, subray\u00f3.<\/p>\n<p>A su turno, el intendente de Gualeguaych\u00fa, Mart\u00edn Piaggio, asegur\u00f3 que &#8220;en esta dos obras ha habido mucha expectativa. La primera es el ingreso norte a nuestra ciudad. Son 11 kil\u00f3metros a trav\u00e9s del tramo inicial de la ruta 20, uno de los accesos m\u00e1s transitados. Tienen tambi\u00e9n un alto componente de tr\u00e1nsito de camiones por la l\u00f3gica comercial y productiva que tiene esa zona&#8221;, detall\u00f3.<\/p>\n<p>Sostuvo adem\u00e1s que &#8220;ha sido una obra muy esperada porque el paso del tiempo ha dificultado la transitabilidad\u201d, e indic\u00f3 que \u201cse busc\u00f3 financiamiento mientras se avanzaba en el proyecto hasta que finalmente el gobernador decidi\u00f3 que fuese una obra provincial. Para nosotros fue la mejor noticia y hoy es un d\u00eda de mucha felicidad&#8221;, remarc\u00f3.<\/p>\n<p>Por \u00faltimo, se refiri\u00f3 a &#8220;la finalizaci\u00f3n de la gran obra del hospital Bicentenario, que tiene una parte importante ya funcionando\u201d. \u201cPoner el 100 por ciento de ese hospital que es de derivaci\u00f3n y quiz\u00e1s uno de los m\u00e1s interesantes que tiene la provincia, es una gran felicidad porque aporta a la calidad de vida de nuestros vecinos. Muchas gracias a todo el equipo del gobernador y a seguir trabajando para adelante&#8221;, concluy\u00f3.<\/p>\n<p>En tanto, el intendente de San Salvador, Lucas Larrarte, detall\u00f3 que &#8220;la obra es una segunda etapa de un desag\u00fce pluvial del cual ya se ejecut\u00f3 la primera parte. Beneficia a distintos barrios y a la zona centro de la ciudad porque permite evacuar con mucha m\u00e1s rapidez el agua ca\u00edda en los d\u00edas de intensas lluvias que generaba inconvenientes&#8221;.<\/p>\n<p>&#8220;Es una obra de gran magnitud para la ciudad&#8221;, destac\u00f3 y agradeci\u00f3 \u201cal gobernador que ha dispuesto hacer esta obra, al ministro que se ha puesto a trabajar codo a codo con nosotros y esperamos tenerla pronto en ejecuci\u00f3n y terminarla para que las vecinas y los vecinos de San Salvador la puedan disfrutar&#8221;, dijo por \u00faltimo.<\/p>\n<p>A su turno, el intendente de San Benito, Exequiel Donda expres\u00f3 su agradecimiento por la obra y destac\u00f3 que &#8220;siempre&#8221; pudieron contar con el gobernador. &#8220;Es muy importante la construcci\u00f3n del edifico de la escuela t\u00e9cnica porque se desarrolla desde hace algunos a\u00f1os en un lugar que no es el m\u00e1s adecuado y tener un edificio con talleres y dem\u00e1s posibilitar\u00e1 que los chicos puedan desarrollar mucho mejor su carrera&#8221;, indic\u00f3.<\/p>\n<p>&#8220;La escuela t\u00e9cnica permite a los chicos tener una salida laboral ya desde el secundario&#8221;, enfatiz\u00f3 el intendente y agreg\u00f3 que con el nuevo edificio seguramente se podr\u00e1 ampliar la matr\u00edcula. Finalmente, expres\u00f3 su agradecimiento al gobierno provincial &#8220;porque est\u00e1 ayudando a nuestro pueblo a que vaya cambiando de a poquito en todas las necesidades que tenemos&#8221; debido al crecimiento demogr\u00e1fico.<\/p>\n<p>Otro orador fue el intendente de Libertador San Mart\u00edn, Ra\u00fal Casali, quien destac\u00f3 la importancia del traslado de las lagunas. &#8220;La laguna de oxidaci\u00f3n actual est\u00e1 pr\u00e1cticamente lindando con la planta urbana, mientras que la nueva localizaci\u00f3n estar\u00eda a 2.000 metros de distancia de la \u00faltima vivienda en planta urbana. Esto nos est\u00e1 diciendo que era una necesidad de suma importancia para el saneamiento ambiental de la localidad&#8221;, se\u00f1al\u00f3, al tiempo que agradeci\u00f3 al gobierno provincial por la obra.<\/p>\n<p>&nbsp;<\/p>\n<p><strong>Contratos para obras<\/strong><\/p>\n<p>En la ocasi\u00f3n, se firm\u00f3 el contrato para la ejecuci\u00f3n de electrificaci\u00f3n rural en San Ram\u00f3n, departamento Federaci\u00f3n, en la que se invertir\u00e1n 690.587.042 pesos.<\/p>\n<p>Los trabajos consistir\u00e1n en repotenciar 42 suministros existentes e incorporar siete nuevos usuarios de los distritos Mandisov\u00ed y Atencio al Este. Para ello, se construir\u00e1n 76,6 km de nuevas l\u00edneas. Adem\u00e1s de mejorar la calidad de vida de la poblaci\u00f3n rural de la zona, esta obra beneficiar\u00e1 a los productores citr\u00edcolas.<\/p>\n<p>Tambi\u00e9n se firm\u00f3 el contrato para la refacci\u00f3n y ampliaci\u00f3n de la Escuela T\u00e9cnica N\u00ba 7, de San Justo, departamento Uruguay, que prev\u00e9 una inversi\u00f3n de 318.288.527 pesos.<\/p>\n<p>El proyecto consiste en liberar la planta baja del edificio y dejarla para el uso exclusivo de talleres. Para ello se construir\u00e1 una planta alta, destinada al sector de oficinas y aulas. Se intervendr\u00e1 una superficie total de 793,84 m2, que contar\u00e1 con siete aulas, tres talleres, un sal\u00f3n de usos m\u00faltiples y un sector de sanitarios. Tambi\u00e9n se contempl\u00f3 la construcci\u00f3n de un espacio de apoyo de uso com\u00fan, como un play\u00f3n deportivo.<\/p>\n<p>Otro contrato firmado fue para efectuar reparaciones en el hospital Dr. Gerardo Domagk, de Paran\u00e1, por un monto de 18.859.970 pesos.<\/p>\n<p>Se proceder\u00e1 a cambiar canaletas, limahoyas, cumbreras, chapas y clavadores de madera en cubierta de chapa. Adem\u00e1s, se realizar\u00e1 un recalce en un cimiento, se cambiar\u00e1 la instalaci\u00f3n cloacal, sumado a los trabajos de pintura, cielorrasos y humedad.<\/p>\n<p>Tambi\u00e9n se firm\u00f3 el contrato para el Sistema de Desag\u00fces Pluviales de calle Arroyo Grande, de San Salvador. La inversi\u00f3n alcanzar\u00e1 a 139.206.819 pesos.<\/p>\n<p>El sector a intervenir se ubica en la zona noreste de la planta urbana de la ciudad. Ante la necesidad de dar soluci\u00f3n a problemas de anegamientos, en la calle Arroyo Grande, se llev\u00f3 a cabo la ejecuci\u00f3n del conducto y obras complementarias. La presente obra prev\u00e9 la prolongaci\u00f3n del conducto principal que se ejecut\u00f3 sobre calle Arroyo Grande; la pavimentaci\u00f3n de tres cuadras; la ejecuci\u00f3n de un conducto circular en calle J. Hern\u00e1ndez y la canalizaci\u00f3n del Arroyo Casafuz en el tramo cercano a las lagunas de estabilizaci\u00f3n. En base a esto, se pretende continuar un tramo del conducto por calle 25 de Mayo, continuaci\u00f3n de calle Arroyo Grande, entre Av. Malar\u00edn y San Mart\u00edn, y construir un conducto circular de 800 mm en calle J. Hern\u00e1ndez, entre Arroyo Grande y F. Ram\u00edrez.<\/p>\n<p>Luego se firm\u00f3 el contrato para la rehabilitaci\u00f3n, reconstrucci\u00f3n de calzada y construcci\u00f3n bicisenda en la ruta provincial N\u00ba 20, en el tramo ruta nacional N\u00ba136 \u2013 ruta nacional N\u00ba 14 que prev\u00e9 una inversi\u00f3n de 3.898.042.442 pesos.<\/p>\n<p>La obra prev\u00e9 un plazo de ejecuci\u00f3n de 18 meses y se divide en cuatro subtramos. El primero, contempla la reconstrucci\u00f3n de la calzada existente con la posterior construcci\u00f3n de pavimento de hormig\u00f3n sobre la base producto del reciclado en 1.290 metros de extensi\u00f3n desde la ruta 136. El segundo contempla la rehabilitaci\u00f3n de pavimento de material asf\u00e1ltico desde el kil\u00f3metro 1.290 hasta la progresiva 4.000. El tercer subtramo plantea la reconstrucci\u00f3n de pavimento de material asf\u00e1ltico en otros 2.000, entre las progresivas 4.000 y 6.000, mientras que el \u00faltimo incluye la rehabilitaci\u00f3n de pavimento de material asf\u00e1ltico, desde la progresiva 6.000 y la 10.285 en la intersecci\u00f3n con la autov\u00eda ruta nacional 14.<\/p>\n<p>En cuanto a aspectos de seguridad vial, el proyecto contempla la ejecuci\u00f3n del se\u00f1alamiento horizontal, se\u00f1alamiento vertical, la colocaci\u00f3n de barandas met\u00e1licas y la iluminaci\u00f3n en sectores determinados. Adem\u00e1s, debido al elevado y variado tr\u00e1nsito vehicular existente, se contempla generar una v\u00eda independiente para usuarios de bicicletas con dos carriles de distinto sentido de circulaci\u00f3n.<\/p>\n<p>&nbsp;<\/p>\n<p><strong>Llamados a licitaci\u00f3n<\/strong><\/p>\n<p>En el acto se entregaron los decretos de los llamados a licitaci\u00f3n para la ejecuci\u00f3n de las siguientes obras:<\/p>\n<p>Ampliaci\u00f3n y refacci\u00f3n de la Escuela T\u00e9cnica N\u00ba 4 &#8211; Centro de Formaci\u00f3n Profesional N\u00ba1, de Paran\u00e1. El presupuesto oficial es de 873.712.217 pesos y la apertura de ofertas se concretar\u00e1 el 8 de agosto pr\u00f3ximo.<\/p>\n<p>Se trata de un proyecto integral de refuncionalizaci\u00f3n y refacci\u00f3n de espacios existentes, y espacios nuevos necesarios para un buen desarrollo educativo. Entre ellos, espacios \u00e1ulicos, biblioteca y la necesidad de ampliar y mejorar los talleres y los espacios de sanitarios como requerimientos b\u00e1sicos prioritarios. El total de superficie cubierta proyectada es de 1.833 m2.<\/p>\n<p>Traslado de Lagunas de Villa Libertador San Mart\u00edn. El presupuesto oficial es de 492.834.174 pesos y la apertura de ofertas se efectuar\u00e1 el 2 de agosto venidero. Villa Libertador San Mart\u00edn experiment\u00f3 un crecimiento exponencial de habitantes, sumado al caudal de visitantes que recibe la zona en determinadas temporadas. Esto provoc\u00f3 que la ciudad quedara muy cerca de las actuales lagunas, lo que gener\u00f3 una contaminaci\u00f3n ambiental y visual que afecta a los vecinos de la localidad.<\/p>\n<p>Construcci\u00f3n de Escuela de Educaci\u00f3n T\u00e9cnica N\u00ba 18 &#8220;Arq. Clorindo Testa&#8221; de San Benito. El presupuesto oficial es de 493.756.477 pesos y la apertura de ofertas tendr\u00e1 lugar el 3 de agosto pr\u00f3ximo.<\/p>\n<p>La obra consiste en la construcci\u00f3n de un nuevo edificio escolar a ejecutarse en un predio de 5.109 m2 y en una sola planta.<\/p>\n","protected":false},"excerpt":{"rendered":"<p>El gobernador Gustavo Bordet encabez\u00f3 el acto de llamado a licitaci\u00f3n y firmas de contrato para iniciar obras de infraestructura en distintas localidades de Entre R\u00edos por 6.000 millones de pesos, entre las que se encuentran tres escuelas t\u00e9cnicas. \u201cMejor que decir es hacer\u201d, resalt\u00f3 &nbsp; &nbsp; Entre otras obras, Bordet firm\u00f3 el contrato para la refacci\u00f3n y ampliaci\u00f3n de la Escuela T\u00e9cnica N\u00ba 7, de San Justo, departamento Uruguay, donde se invertir\u00e1n m\u00e1s de 318.288.527 de pesos; y llam\u00f3 a licitaci\u00f3n la obra de ampliaci\u00f3n y refacci\u00f3n de la&#8230;<\/p>\n","protected":false},"author":3,"featured_media":104853,"comment_status":"closed","ping_status":"closed","sticky":false,"template":"","format":"standard","meta":[],"categories":[9],"tags":[],"_links":{"self":[{"href":"https:\/\/www.actualidadadiario.com\/index.php\/wp-json\/wp\/v2\/posts\/104852"}],"collection":[{"href":"https:\/\/www.actualidadadiario.com\/index.php\/wp-json\/wp\/v2\/posts"}],"about":[{"href":"https:\/\/www.actualidadadiario.com\/index.php\/wp-json\/wp\/v2\/types\/post"}],"author":[{"embeddable":true,"href":"https:\/\/www.actualidadadiario.com\/index.php\/wp-json\/wp\/v2\/users\/3"}],"replies":[{"embeddable":true,"href":"https:\/\/www.actualidadadiario.com\/index.php\/wp-json\/wp\/v2\/comments?post=104852"}],"version-history":[{"count":1,"href":"https:\/\/www.actualidadadiario.com\/index.php\/wp-json\/wp\/v2\/posts\/104852\/revisions"}],"predecessor-version":[{"id":104854,"href":"https:\/\/www.actualidadadiario.com\/index.php\/wp-json\/wp\/v2\/posts\/104852\/revisions\/104854"}],"wp:featuredmedia":[{"embeddable":true,"href":"https:\/\/www.actualidadadiario.com\/index.php\/wp-json\/wp\/v2\/media\/104853"}],"wp:attachment":[{"href":"https:\/\/www.actualidadadiario.com\/index.php\/wp-json\/wp\/v2\/media?parent=104852"}],"wp:term":[{"taxonomy":"category","embeddable":true,"href":"https:\/\/www.actualidadadiario.com\/index.php\/wp-json\/wp\/v2\/categories?post=104852"},{"taxonomy":"post_tag","embeddable":true,"href":"https:\/\/www.actualidadadiario.com\/index.php\/wp-json\/wp\/v2\/tags?post=104852"}],"curies":[{"name":"wp","href":"https:\/\/api.w.org\/{rel}","templated":true}]}}