{"id":104844,"date":"2023-07-17T12:45:48","date_gmt":"2023-07-17T15:45:48","guid":{"rendered":"https:\/\/www.actualidadadiario.com\/?p=104844"},"modified":"2023-07-17T12:45:48","modified_gmt":"2023-07-17T15:45:48","slug":"un-sismo-de-65-grados-sacudio-neuquen","status":"publish","type":"post","link":"https:\/\/www.actualidadadiario.com\/index.php\/2023\/07\/17\/un-sismo-de-65-grados-sacudio-neuquen\/","title":{"rendered":"Un sismo de 6,5 grados sacudi\u00f3 Neuqu\u00e9n"},"content":{"rendered":"<p style=\"text-align: center;\"><em><strong>Tuvo como epicentro la ciudad de Loncopu\u00e9 y se sinti\u00f3 en dos provincias del pa\u00eds y en Chile<\/strong><\/em><\/p>\n<p>&nbsp;<\/p>\n<p>&nbsp;<\/p>\n<p>Un sismo de 6,5 grados en la escala de Ritcher sacudi\u00f3 a Neuqu\u00e9n. Por el momento no se registraron v\u00edctimas ni da\u00f1os materiales<\/p>\n<p>El Instituto Nacional de Prevenci\u00f3n S\u00edsmica (Inpres) inform\u00f3 que ocurri\u00f3 este lunes a las 00:05 de la madrugada y tuvo como epicentro la ciudad de Loncopu\u00e9.<\/p>\n<p>Su profundidad fue de 214 kil\u00f3metros y se sinti\u00f3 en dos provincias del pa\u00eds: Mendoza y R\u00edo Negro. Adem\u00e1s, algunas localidades de Chile percibieron el movimiento.<\/p>\n<p>Asimismo, comunicaron que fue catalogado como &#8220;d\u00e9bil&#8221; al tener una intensidad de III en la ciudad de Neuqu\u00e9n donde &#8220;lo perciben algunas personas en reposo&#8221;.<\/p>\n<p>Mientras que en A\u00f1elo fue de II A IV (&#8220;medio&#8221;) en el cual tambi\u00e9n se registraron &#8220;objetos colgantes que oscilan&#8221;.<\/p>\n<p>C\u00f3mo hace 10 d\u00edas, \u00faltima vez que la provincia del sur tembl\u00f3, las alertas de Google fueron efectivas y permitieron que los usuarios sepan de lo que suced\u00eda.<\/p>\n<p>En la madrugada del lunes tambi\u00e9n hubo tres sismos de 2,7, 3,2 y 3,1 grados en San Juan. Un escenario similar ocurri\u00f3 en Mendoza con un movimiento de 3,2 en la escala de Ritcher.<\/p>\n","protected":false},"excerpt":{"rendered":"<p>Tuvo como epicentro la ciudad de Loncopu\u00e9 y se sinti\u00f3 en dos provincias del pa\u00eds y en Chile &nbsp; &nbsp; Un sismo de 6,5 grados en la escala de Ritcher sacudi\u00f3 a Neuqu\u00e9n. Por el momento no se registraron v\u00edctimas ni da\u00f1os materiales El Instituto Nacional de Prevenci\u00f3n S\u00edsmica (Inpres) inform\u00f3 que ocurri\u00f3 este lunes a las 00:05 de la madrugada y tuvo como epicentro la ciudad de Loncopu\u00e9. Su profundidad fue de 214 kil\u00f3metros y se sinti\u00f3 en dos provincias del pa\u00eds: Mendoza y R\u00edo Negro. Adem\u00e1s, algunas localidades&#8230;<\/p>\n","protected":false},"author":3,"featured_media":104845,"comment_status":"closed","ping_status":"closed","sticky":false,"template":"","format":"standard","meta":[],"categories":[2],"tags":[],"_links":{"self":[{"href":"https:\/\/www.actualidadadiario.com\/index.php\/wp-json\/wp\/v2\/posts\/104844"}],"collection":[{"href":"https:\/\/www.actualidadadiario.com\/index.php\/wp-json\/wp\/v2\/posts"}],"about":[{"href":"https:\/\/www.actualidadadiario.com\/index.php\/wp-json\/wp\/v2\/types\/post"}],"author":[{"embeddable":true,"href":"https:\/\/www.actualidadadiario.com\/index.php\/wp-json\/wp\/v2\/users\/3"}],"replies":[{"embeddable":true,"href":"https:\/\/www.actualidadadiario.com\/index.php\/wp-json\/wp\/v2\/comments?post=104844"}],"version-history":[{"count":1,"href":"https:\/\/www.actualidadadiario.com\/index.php\/wp-json\/wp\/v2\/posts\/104844\/revisions"}],"predecessor-version":[{"id":104846,"href":"https:\/\/www.actualidadadiario.com\/index.php\/wp-json\/wp\/v2\/posts\/104844\/revisions\/104846"}],"wp:featuredmedia":[{"embeddable":true,"href":"https:\/\/www.actualidadadiario.com\/index.php\/wp-json\/wp\/v2\/media\/104845"}],"wp:attachment":[{"href":"https:\/\/www.actualidadadiario.com\/index.php\/wp-json\/wp\/v2\/media?parent=104844"}],"wp:term":[{"taxonomy":"category","embeddable":true,"href":"https:\/\/www.actualidadadiario.com\/index.php\/wp-json\/wp\/v2\/categories?post=104844"},{"taxonomy":"post_tag","embeddable":true,"href":"https:\/\/www.actualidadadiario.com\/index.php\/wp-json\/wp\/v2\/tags?post=104844"}],"curies":[{"name":"wp","href":"https:\/\/api.w.org\/{rel}","templated":true}]}}