{"id":104841,"date":"2023-07-17T12:45:00","date_gmt":"2023-07-17T15:45:00","guid":{"rendered":"https:\/\/www.actualidadadiario.com\/?p=104841"},"modified":"2023-07-17T12:45:00","modified_gmt":"2023-07-17T15:45:00","slug":"vacaciones-de-invierno-todas-las-escuelas-del-pais-estan-en-receso","status":"publish","type":"post","link":"https:\/\/www.actualidadadiario.com\/index.php\/2023\/07\/17\/vacaciones-de-invierno-todas-las-escuelas-del-pais-estan-en-receso\/","title":{"rendered":"Vacaciones de invierno: todas las escuelas del pa\u00eds est\u00e1n en receso"},"content":{"rendered":"<p style=\"text-align: center;\"><em><strong>Estudiantes de ocho provincias y de la Ciudad de Buenos Aires comenzaron hoy el receso invernal de dos semanas y se suman a los alumnos y alumnas de los 15 distritos restantes que ya hab\u00edan iniciado sus vacaciones escolares el lunes de la semana pasada<\/strong><\/em><\/p>\n<p>&nbsp;<\/p>\n<p>&nbsp;<\/p>\n<p>Los ciclos lectivos de escuelas de Buenos Aires, Chaco, Jujuy, Santa Fe, Santiago del Estero y Tierra del Fuego, que comenzaron el pasado 1 de marzo; y de CABA, Chubut y Santa Cruz, que lo hicieron el 27 de febrero, entraron hoy en el receso invernal para estudiantes de todos los niveles educativos.<\/p>\n<p>El receso escolar se prolongar\u00e1 durante dos semanas.<\/p>\n<p>El lunes pasado, ya hab\u00edan comenzado sus vacaciones los y las estudiantes de escuelas de C\u00f3rdoba, Mendoza, Entre R\u00edos, Formosa, San Luis, R\u00edo Negro, Salta y Corrientes<\/p>\n<p>Tambi\u00e9n alumnos y alumnas de Catamarca, La Pampa, Misiones, Neuqu\u00e9n, Tucum\u00e1n, San Juan y La Rioja.<\/p>\n<p>El ciclo lectivo 2023 culminar\u00e1 entre el 14 y el 26 de diciembre, de acuerdo con el calendario de cada distrito.<\/p>\n","protected":false},"excerpt":{"rendered":"<p>Estudiantes de ocho provincias y de la Ciudad de Buenos Aires comenzaron hoy el receso invernal de dos semanas y se suman a los alumnos y alumnas de los 15 distritos restantes que ya hab\u00edan iniciado sus vacaciones escolares el lunes de la semana pasada &nbsp; &nbsp; Los ciclos lectivos de escuelas de Buenos Aires, Chaco, Jujuy, Santa Fe, Santiago del Estero y Tierra del Fuego, que comenzaron el pasado 1 de marzo; y de CABA, Chubut y Santa Cruz, que lo hicieron el 27 de febrero, entraron hoy en&#8230;<\/p>\n","protected":false},"author":3,"featured_media":104842,"comment_status":"closed","ping_status":"closed","sticky":false,"template":"","format":"standard","meta":[],"categories":[9],"tags":[],"_links":{"self":[{"href":"https:\/\/www.actualidadadiario.com\/index.php\/wp-json\/wp\/v2\/posts\/104841"}],"collection":[{"href":"https:\/\/www.actualidadadiario.com\/index.php\/wp-json\/wp\/v2\/posts"}],"about":[{"href":"https:\/\/www.actualidadadiario.com\/index.php\/wp-json\/wp\/v2\/types\/post"}],"author":[{"embeddable":true,"href":"https:\/\/www.actualidadadiario.com\/index.php\/wp-json\/wp\/v2\/users\/3"}],"replies":[{"embeddable":true,"href":"https:\/\/www.actualidadadiario.com\/index.php\/wp-json\/wp\/v2\/comments?post=104841"}],"version-history":[{"count":1,"href":"https:\/\/www.actualidadadiario.com\/index.php\/wp-json\/wp\/v2\/posts\/104841\/revisions"}],"predecessor-version":[{"id":104843,"href":"https:\/\/www.actualidadadiario.com\/index.php\/wp-json\/wp\/v2\/posts\/104841\/revisions\/104843"}],"wp:featuredmedia":[{"embeddable":true,"href":"https:\/\/www.actualidadadiario.com\/index.php\/wp-json\/wp\/v2\/media\/104842"}],"wp:attachment":[{"href":"https:\/\/www.actualidadadiario.com\/index.php\/wp-json\/wp\/v2\/media?parent=104841"}],"wp:term":[{"taxonomy":"category","embeddable":true,"href":"https:\/\/www.actualidadadiario.com\/index.php\/wp-json\/wp\/v2\/categories?post=104841"},{"taxonomy":"post_tag","embeddable":true,"href":"https:\/\/www.actualidadadiario.com\/index.php\/wp-json\/wp\/v2\/tags?post=104841"}],"curies":[{"name":"wp","href":"https:\/\/api.w.org\/{rel}","templated":true}]}}