{"id":104838,"date":"2023-07-14T16:21:31","date_gmt":"2023-07-14T19:21:31","guid":{"rendered":"https:\/\/www.actualidadadiario.com\/?p=104838"},"modified":"2023-07-14T16:21:31","modified_gmt":"2023-07-14T19:21:31","slug":"despues-de-la-caida-del-gobierno-paises-bajos-puso-fecha-a-las-elecciones-anticipadas","status":"publish","type":"post","link":"https:\/\/www.actualidadadiario.com\/index.php\/2023\/07\/14\/despues-de-la-caida-del-gobierno-paises-bajos-puso-fecha-a-las-elecciones-anticipadas\/","title":{"rendered":"Despu\u00e9s de la ca\u00edda del gobierno, Pa\u00edses Bajos puso fecha a las elecciones anticipadas"},"content":{"rendered":"<p style=\"text-align: center;\"><em><strong>Con la renuncia del primer ministro Mark Rutte ya efectuada, el gobierno oficializ\u00f3 la fecha para la C\u00e1mara Baja del Parlamento<\/strong><\/em><\/p>\n<p>&nbsp;<\/p>\n<p>&nbsp;<\/p>\n<p>Pa\u00edses Bajos inform\u00f3 este viernes la celebraci\u00f3n de elecciones anticipadas el pr\u00f3ximo 22 de noviembre despu\u00e9s de la ca\u00edda la semana pasada del Gobierno del primer ministro Mark Rutte.<\/p>\n<p>A trav\u00e9s de un comunicado oficial recogido por la agencia de noticias AFP, el Gobierno, ya con nulo poder, oficializ\u00f3 la fecha: &#8220;Las elecciones para la C\u00e1mara Baja del Parlamento se llevar\u00e1n a cabo el mi\u00e9rcoles 22 de noviembre de 2023. La decisi\u00f3n fue tomada por el Gobierno a propuesta del ministro del Interior, Bruins Slot&#8221;.<\/p>\n<p>&#8220;Para la elecci\u00f3n de esta fecha, se han tenido en cuenta el tiempo necesario para los partidos pol\u00edticos, la viabilidad para los municipios y los preparativos del Consejo Electoral&#8221;, agrega el texto.<\/p>\n<p>Rutte anunci\u00f3 que no ser\u00e1 de la partida en los comicios anticipados y, de esta manera, pondr\u00e1 fin as\u00ed a su cuarto mandato desde su asunci\u00f3n en octubre de 2010. Sin embargo, el primer ministro afirm\u00f3 que seguir\u00e1 en funciones hasta los comicios que designar\u00e1n un nuevo l\u00edder. &#8220;Cuando un nuevo gobierno tome posesi\u00f3n despu\u00e9s de las elecciones, dejar\u00e9 la pol\u00edtica&#8221;, expres\u00f3.<\/p>\n<p>&#8220;Esta noche, desgraciadamente llegamos a la conclusi\u00f3n de que las discrepancias eran insuperables. Por esta raz\u00f3n, le presentar\u00e9 pr\u00f3ximamente mi dimisi\u00f3n al rey en nombre de todo el gobierno&#8221;, hab\u00eda declarado Rutte al momento de su dimisi\u00f3n ante medios de prensa.<\/p>\n<p>&nbsp;<\/p>\n<p><strong>Pa\u00edses Bajos: cu\u00e1l fue el conflicto que desat\u00f3 la disoluci\u00f3n del Gobierno<\/strong><\/p>\n<p>Rutte, del partido Partido Popular por la Libertad y la Democracia (VVD, centro-derecha), quer\u00eda que los otros tres partidos de la coalici\u00f3n gubernamental instauraran un sistema de cuotas para limitar el n\u00famero de ni\u00f1os procedentes de zonas de conflicto susceptibles de obtener asilo en Pa\u00edses Bajos.<\/p>\n<p>El gobierno enfrent\u00f3 el a\u00f1o pasado un importante esc\u00e1ndalo sobre la gesti\u00f3n de los centros de acogida de refugiados, sobrepoblados hasta el punto que en uno de ellos hubo cientos de personas forzadas a dormir a cielo abierto.<\/p>\n<p>La propuesta de Rutte era restringir el n\u00famero de reunificaciones de ni\u00f1os con sus familiares refugiados, ya establecidos en Pa\u00edses Bajos a 200 por mes, y amenaz\u00f3 con disolver el gabinete si sus aliados no lo aprobaban, indicaron medios neerlandeses.<\/p>\n<p>Pero el partido conservador Uni\u00f3n Cristiana, que le aport\u00f3 a Rutte el apoyo del electorado protestante del centro del pa\u00eds, se opuso radicalmente a ese plan por sus convicciones religiosas. Tampoco apoy\u00f3 la iniciativa la formaci\u00f3n D66, de centro-izquierda.<\/p>\n","protected":false},"excerpt":{"rendered":"<p>Con la renuncia del primer ministro Mark Rutte ya efectuada, el gobierno oficializ\u00f3 la fecha para la C\u00e1mara Baja del Parlamento &nbsp; &nbsp; Pa\u00edses Bajos inform\u00f3 este viernes la celebraci\u00f3n de elecciones anticipadas el pr\u00f3ximo 22 de noviembre despu\u00e9s de la ca\u00edda la semana pasada del Gobierno del primer ministro Mark Rutte. A trav\u00e9s de un comunicado oficial recogido por la agencia de noticias AFP, el Gobierno, ya con nulo poder, oficializ\u00f3 la fecha: &#8220;Las elecciones para la C\u00e1mara Baja del Parlamento se llevar\u00e1n a cabo el mi\u00e9rcoles 22 de&#8230;<\/p>\n","protected":false},"author":3,"featured_media":104839,"comment_status":"closed","ping_status":"closed","sticky":false,"template":"","format":"standard","meta":[],"categories":[4],"tags":[],"_links":{"self":[{"href":"https:\/\/www.actualidadadiario.com\/index.php\/wp-json\/wp\/v2\/posts\/104838"}],"collection":[{"href":"https:\/\/www.actualidadadiario.com\/index.php\/wp-json\/wp\/v2\/posts"}],"about":[{"href":"https:\/\/www.actualidadadiario.com\/index.php\/wp-json\/wp\/v2\/types\/post"}],"author":[{"embeddable":true,"href":"https:\/\/www.actualidadadiario.com\/index.php\/wp-json\/wp\/v2\/users\/3"}],"replies":[{"embeddable":true,"href":"https:\/\/www.actualidadadiario.com\/index.php\/wp-json\/wp\/v2\/comments?post=104838"}],"version-history":[{"count":1,"href":"https:\/\/www.actualidadadiario.com\/index.php\/wp-json\/wp\/v2\/posts\/104838\/revisions"}],"predecessor-version":[{"id":104840,"href":"https:\/\/www.actualidadadiario.com\/index.php\/wp-json\/wp\/v2\/posts\/104838\/revisions\/104840"}],"wp:featuredmedia":[{"embeddable":true,"href":"https:\/\/www.actualidadadiario.com\/index.php\/wp-json\/wp\/v2\/media\/104839"}],"wp:attachment":[{"href":"https:\/\/www.actualidadadiario.com\/index.php\/wp-json\/wp\/v2\/media?parent=104838"}],"wp:term":[{"taxonomy":"category","embeddable":true,"href":"https:\/\/www.actualidadadiario.com\/index.php\/wp-json\/wp\/v2\/categories?post=104838"},{"taxonomy":"post_tag","embeddable":true,"href":"https:\/\/www.actualidadadiario.com\/index.php\/wp-json\/wp\/v2\/tags?post=104838"}],"curies":[{"name":"wp","href":"https:\/\/api.w.org\/{rel}","templated":true}]}}