{"id":104835,"date":"2023-07-14T16:19:34","date_gmt":"2023-07-14T19:19:34","guid":{"rendered":"https:\/\/www.actualidadadiario.com\/?p=104835"},"modified":"2023-07-14T16:19:34","modified_gmt":"2023-07-14T19:19:34","slug":"rusia-evalua-dar-un-marco-legal-a-los-grupos-paramilitares-como-wagner","status":"publish","type":"post","link":"https:\/\/www.actualidadadiario.com\/index.php\/2023\/07\/14\/rusia-evalua-dar-un-marco-legal-a-los-grupos-paramilitares-como-wagner\/","title":{"rendered":"Rusia eval\u00faa dar un marco legal a los grupos paramilitares como Wagner"},"content":{"rendered":"<p style=\"text-align: center;\"><em><strong>Rusia revel\u00f3 hoy que eval\u00faa la legalizaci\u00f3n de los grupos militares privados como Wagner, cuya existencia no est\u00e1 autorizada por Ley pese a la gran influencia que han tenido durante el conflicto en Ucrania<\/strong><\/em><\/p>\n<p>&nbsp;<\/p>\n<p>&nbsp;<\/p>\n<p>&#8220;Legalmente, la compa\u00f1\u00eda militar privada Wagner no existe y nunca ha existido, es una cuesti\u00f3n que debe estudiarse, examinarse m\u00e1s a fondo&#8221;, dijo el vocero del Kremlin, Dmitri Peskov, quien consider\u00f3 que se trata de un asunto &#8220;complejo&#8221;, inform\u00f3 la agencia de noticias AFP.<\/p>\n<p>Estas declaraciones de Peskov llegan tres semanas despu\u00e9s de que el grupo se rebelara y ocupara durante varias horas un cuartel en el sur de Rusia el 24 de junio y un d\u00eda despu\u00e9s de que el presidente, Vladimir Putin, se refiriera a la falta de un marco jur\u00eddico para estas actividades.<\/p>\n<p>&#8220;El grupo (Wagner) est\u00e1 ah\u00ed, pero no existe jur\u00eddicamente&#8221;, afirm\u00f3 Putin en declaraciones al diario ruso Kommersant.<\/p>\n<p>&#8220;Hay una cuesti\u00f3n aparte relacionada con su legalizaci\u00f3n efectiva. Un tema que tiene que ser abordado por la Duma (c\u00e1mara baja del Parlamento) y por el Gobierno&#8221;, agreg\u00f3 el mandatario ruso.<\/p>\n<p>Putin afirm\u00f3 el 27 de junio que Wagner recibi\u00f3 cerca de 1.000 millones de d\u00f3lares del Estado ruso en el \u00faltimo a\u00f1o, pese a la falta de un marco jur\u00eddico.<\/p>\n<p>Durante a\u00f1os, el Kremlin y el jefe del grupo paramilitar, Yevgueni Prigozhin, negaron la existencia de la milicia, que llev\u00f3 a cabo operaciones en las sombras en zonas de influencia de Rusia. Esto cambi\u00f3 con la operaci\u00f3n militar rusa en Ucrania.<\/p>\n<p>En septiembre de 2022, Prigozhin reconoci\u00f3 estar al mando de Wagner, cuyos combatientes participaron en la batalla para tomar la localidad ucraniana de Bajmut, que Rusia reivindic\u00f3 haber capturado en mayo tras meses de feroces enfrentamientos.<\/p>\n<p>Este anuncio del Kremlin se produce en medio de las especulaciones de una reestructuraci\u00f3n de la c\u00fapula militar despu\u00e9s de la rebeli\u00f3n fallida que termin\u00f3 el 24 de junio y que sacudi\u00f3 al poder en Rusia.<\/p>\n<p>Prigozhin afirm\u00f3 que esta sublevaci\u00f3n no busc\u00f3 derrocar al poder, sino salvar a Wagner de ser desmantelado por el Estado Mayor ruso, al cual acus\u00f3 de incompetencia en la ofensiva de Mosc\u00fa en Ucrania, que comenz\u00f3 en febrero de 2022.<\/p>\n<p>En su entrevista de ayer, Putin revel\u00f3 que propuso a Prigozhin que sus combatientes sirvieran bajo la autoridad oficial de otro mando, una opci\u00f3n a la que el l\u00edder de los paramilitares se neg\u00f3.<\/p>\n<p>Los combatientes de Wagner &#8220;podr\u00edan haber sido reunidos en un solo lugar y continuar su servicio. Para ellos no cambiar\u00eda nada, estar\u00edan dirigidos por la persona que fue realmente su comandante durante todo este tiempo&#8221;, afirm\u00f3 el mandatario ruso.<\/p>\n<p>El mandatario ruso afirm\u00f3 que muchos de los presentes &#8220;asintieron&#8221;, pero que Prigozhin, que estaba sentado delante, no acept\u00f3 esta oferta y dijo: &#8220;No, los chicos no est\u00e1n de acuerdo con esta soluci\u00f3n&#8221;, fue su respuesta.<\/p>\n<p>Desde el fracaso de la asonada, abundan las especulaciones sobre una reestructuraci\u00f3n de la c\u00fapula militar rusa, con rumores sobre el destino del general Sergu\u00e9i Surovikin, un aliado de Wagner de larga data.<\/p>\n<p>Seg\u00fan Estados Unidos, el grupo Wagner ya no participa en los combates en Ucrania de forma &#8220;significativa&#8221;, aunque &#8220;la mayor\u00eda&#8221; de sus combatientes siguen en zonas de Ucrania ocupadas por Rusia.<\/p>\n<p>&#8220;En este momento, no vemos que las fuerzas de Wagner est\u00e9n participando de forma significativa en apoyo a los combates en Ucrania&#8221;, afirm\u00f3 anoche el vocero del Pent\u00e1gono, el general Pat Ryder, en una rueda de prensa.<\/p>\n","protected":false},"excerpt":{"rendered":"<p>Rusia revel\u00f3 hoy que eval\u00faa la legalizaci\u00f3n de los grupos militares privados como Wagner, cuya existencia no est\u00e1 autorizada por Ley pese a la gran influencia que han tenido durante el conflicto en Ucrania &nbsp; &nbsp; &#8220;Legalmente, la compa\u00f1\u00eda militar privada Wagner no existe y nunca ha existido, es una cuesti\u00f3n que debe estudiarse, examinarse m\u00e1s a fondo&#8221;, dijo el vocero del Kremlin, Dmitri Peskov, quien consider\u00f3 que se trata de un asunto &#8220;complejo&#8221;, inform\u00f3 la agencia de noticias AFP. Estas declaraciones de Peskov llegan tres semanas despu\u00e9s de que&#8230;<\/p>\n","protected":false},"author":3,"featured_media":104836,"comment_status":"closed","ping_status":"closed","sticky":false,"template":"","format":"standard","meta":[],"categories":[4],"tags":[],"_links":{"self":[{"href":"https:\/\/www.actualidadadiario.com\/index.php\/wp-json\/wp\/v2\/posts\/104835"}],"collection":[{"href":"https:\/\/www.actualidadadiario.com\/index.php\/wp-json\/wp\/v2\/posts"}],"about":[{"href":"https:\/\/www.actualidadadiario.com\/index.php\/wp-json\/wp\/v2\/types\/post"}],"author":[{"embeddable":true,"href":"https:\/\/www.actualidadadiario.com\/index.php\/wp-json\/wp\/v2\/users\/3"}],"replies":[{"embeddable":true,"href":"https:\/\/www.actualidadadiario.com\/index.php\/wp-json\/wp\/v2\/comments?post=104835"}],"version-history":[{"count":1,"href":"https:\/\/www.actualidadadiario.com\/index.php\/wp-json\/wp\/v2\/posts\/104835\/revisions"}],"predecessor-version":[{"id":104837,"href":"https:\/\/www.actualidadadiario.com\/index.php\/wp-json\/wp\/v2\/posts\/104835\/revisions\/104837"}],"wp:featuredmedia":[{"embeddable":true,"href":"https:\/\/www.actualidadadiario.com\/index.php\/wp-json\/wp\/v2\/media\/104836"}],"wp:attachment":[{"href":"https:\/\/www.actualidadadiario.com\/index.php\/wp-json\/wp\/v2\/media?parent=104835"}],"wp:term":[{"taxonomy":"category","embeddable":true,"href":"https:\/\/www.actualidadadiario.com\/index.php\/wp-json\/wp\/v2\/categories?post=104835"},{"taxonomy":"post_tag","embeddable":true,"href":"https:\/\/www.actualidadadiario.com\/index.php\/wp-json\/wp\/v2\/tags?post=104835"}],"curies":[{"name":"wp","href":"https:\/\/api.w.org\/{rel}","templated":true}]}}