{"id":104829,"date":"2023-07-14T16:18:00","date_gmt":"2023-07-14T19:18:00","guid":{"rendered":"https:\/\/www.actualidadadiario.com\/?p=104829"},"modified":"2023-07-14T16:18:00","modified_gmt":"2023-07-14T19:18:00","slug":"casi-300-ninos-migrantes-murieron-ahogados-cuando-intentaban-llegar-a-europa-en-2023","status":"publish","type":"post","link":"https:\/\/www.actualidadadiario.com\/index.php\/2023\/07\/14\/casi-300-ninos-migrantes-murieron-ahogados-cuando-intentaban-llegar-a-europa-en-2023\/","title":{"rendered":"Casi 300 ni\u00f1os migrantes murieron ahogados cuando intentaban llegar a Europa en 2023"},"content":{"rendered":"<p style=\"text-align: center;\"><em><strong>El Fondo de Naciones Unidas para la Infancia precis\u00f3 que la cifra exacta, 289, es el doble de lo registrado en el mismo per\u00edodo de 2022<\/strong><\/em><\/p>\n<p>&nbsp;<\/p>\n<p>&nbsp;<\/p>\n<p>El Fondo de Naciones Unidas para la Infancia (Unicef) inform\u00f3 este viernes que solo en la primera mitad del a\u00f1o casi 300 ni\u00f1os murieron ahogados en el mar Mediterr\u00e1neo durante la peligrosa traves\u00eda para llegar a Europa.<\/p>\n<p>La cifra exacta, 289, es el doble de lo registrado en el mismo per\u00edodo de 2022, precis\u00f3 Unicef, que hizo un llamado para expandir v\u00edas que sean seguras, legales y accesibles para que menores reciban protecci\u00f3n en Europa.<\/p>\n<p>Verena Knaus, directora mundial de Unicef sobre migraci\u00f3n y desplazamiento, indic\u00f3 que es probable que las cifras reales sean m\u00e1s altas, ya que muchos naufragios en el centro del Mediterr\u00e1neo no dejan supervivientes y no queda ning\u00fan registro.<\/p>\n<p>\u201cEn los primeros seis meses de este a\u00f1o, estimamos que 11.600 lograron cruzar\u201d, el doble que en el mismo periodo de 2022, se\u00f1al\u00f3 Knaus, citada por la agencia de noticias AFP.<\/p>\n<p>Unicef inform\u00f3 que en los primeros tres meses de 2023, cerca de 3.300 ni\u00f1os, es decir un 71% de todos los menores llegados a Europa por la ruta del Mediterr\u00e1neo, fueron registrados como no acompa\u00f1ados.<\/p>\n<p>Esta cifra es tres veces m\u00e1s que la registrada en el mismo periodo del a\u00f1o pasado.<\/p>\n","protected":false},"excerpt":{"rendered":"<p>El Fondo de Naciones Unidas para la Infancia precis\u00f3 que la cifra exacta, 289, es el doble de lo registrado en el mismo per\u00edodo de 2022 &nbsp; &nbsp; El Fondo de Naciones Unidas para la Infancia (Unicef) inform\u00f3 este viernes que solo en la primera mitad del a\u00f1o casi 300 ni\u00f1os murieron ahogados en el mar Mediterr\u00e1neo durante la peligrosa traves\u00eda para llegar a Europa. La cifra exacta, 289, es el doble de lo registrado en el mismo per\u00edodo de 2022, precis\u00f3 Unicef, que hizo un llamado para expandir v\u00edas&#8230;<\/p>\n","protected":false},"author":3,"featured_media":104830,"comment_status":"closed","ping_status":"closed","sticky":false,"template":"","format":"standard","meta":[],"categories":[4],"tags":[],"_links":{"self":[{"href":"https:\/\/www.actualidadadiario.com\/index.php\/wp-json\/wp\/v2\/posts\/104829"}],"collection":[{"href":"https:\/\/www.actualidadadiario.com\/index.php\/wp-json\/wp\/v2\/posts"}],"about":[{"href":"https:\/\/www.actualidadadiario.com\/index.php\/wp-json\/wp\/v2\/types\/post"}],"author":[{"embeddable":true,"href":"https:\/\/www.actualidadadiario.com\/index.php\/wp-json\/wp\/v2\/users\/3"}],"replies":[{"embeddable":true,"href":"https:\/\/www.actualidadadiario.com\/index.php\/wp-json\/wp\/v2\/comments?post=104829"}],"version-history":[{"count":1,"href":"https:\/\/www.actualidadadiario.com\/index.php\/wp-json\/wp\/v2\/posts\/104829\/revisions"}],"predecessor-version":[{"id":104831,"href":"https:\/\/www.actualidadadiario.com\/index.php\/wp-json\/wp\/v2\/posts\/104829\/revisions\/104831"}],"wp:featuredmedia":[{"embeddable":true,"href":"https:\/\/www.actualidadadiario.com\/index.php\/wp-json\/wp\/v2\/media\/104830"}],"wp:attachment":[{"href":"https:\/\/www.actualidadadiario.com\/index.php\/wp-json\/wp\/v2\/media?parent=104829"}],"wp:term":[{"taxonomy":"category","embeddable":true,"href":"https:\/\/www.actualidadadiario.com\/index.php\/wp-json\/wp\/v2\/categories?post=104829"},{"taxonomy":"post_tag","embeddable":true,"href":"https:\/\/www.actualidadadiario.com\/index.php\/wp-json\/wp\/v2\/tags?post=104829"}],"curies":[{"name":"wp","href":"https:\/\/api.w.org\/{rel}","templated":true}]}}