{"id":104826,"date":"2023-07-14T16:17:16","date_gmt":"2023-07-14T19:17:16","guid":{"rendered":"https:\/\/www.actualidadadiario.com\/?p=104826"},"modified":"2023-07-14T16:17:16","modified_gmt":"2023-07-14T19:17:16","slug":"expertos-de-la-onu-instaron-a-uruguay-a-priorizar-el-uso-de-agua-dulce-para-el-consumo-humano","status":"publish","type":"post","link":"https:\/\/www.actualidadadiario.com\/index.php\/2023\/07\/14\/expertos-de-la-onu-instaron-a-uruguay-a-priorizar-el-uso-de-agua-dulce-para-el-consumo-humano\/","title":{"rendered":"Expertos de la ONU instaron a Uruguay a \u201cpriorizar el uso de agua dulce para el consumo humano\u201d"},"content":{"rendered":"<p style=\"text-align: center;\"><em><strong>En una misiva reconocen que el problema subyacente a la crisis h\u00eddrica es la \u201csobreexplotaci\u00f3n del agua, especialmente por algunas industrias en el pa\u00eds\u201d, y plantearon que el Poder Ejecutivo \u201cha recomendado reducir el consumo de agua en los hogares\u201d cuando \u201cestas restricciones no se aplican a los consumidores a gran escala\u201d<\/strong><\/em><\/p>\n<p>&nbsp;<\/p>\n<p>&nbsp;<\/p>\n<p>Pese a las lluvias de las \u00faltimas horas sobre la cuenca del r\u00edo Santa Luc\u00eda, la crisis h\u00eddrico-sanitaria todav\u00eda est\u00e1 lejos de haber quedado atr\u00e1s. La reserva de Paso Severino actualmente cuenta con 2.225.331 metros c\u00fabicos, cuando la capacidad normal de la represa que brinda agua a Montevideo y la zona metropolitana es de 67 millones de metros c\u00fabicos y el consumo promedio gira en torno a los 500.000 metros c\u00fabicos diarios. En este contexto, expertos de la Organizaci\u00f3n de las Naciones Unidas (ONU) emitieron un comunicado instando a Uruguay a \u201cpriorizar el uso de agua dulce para el consumo humano\u201d. La misiva est\u00e1 firmada por seis especialistas, entre ellos, el relator especial sobre el Derecho Humano al Agua Potable y Saneamiento, Pedro Arrojo-Agudo, y el presidente del Grupo de Trabajo sobre Empresas y Derechos Humanos, Damilola Olawuyi.<\/p>\n<p>En primera instancia, recuerdan que el 60% de la poblaci\u00f3n se est\u00e1 viendo afectada. \u201cLa continua disminuci\u00f3n de la calidad del agua debido al aumento de los niveles de salinidad en su composici\u00f3n es alarmante. Esta situaci\u00f3n afecta significativamente a grupos vulnerables, como ni\u00f1os y adolescentes, mujeres embarazadas y personas que padecen enfermedades cr\u00f3nicas\u201d, describen. Especialmente transmitieron su preocupaci\u00f3n por las personas que no pueden permitirse comprar agua y \u201caquellas con discapacidad o movilidad reducida que no pueden transportar agua\u201d. Tambi\u00e9n advirtieron que, \u201caunque los altos \u00edndices de sal se atribuyen al fallo de infraestructura h\u00eddrica, agravada por los per\u00edodos anormalmente largos de estr\u00e9s h\u00eddrico, el problema subyacente es la sobreexplotaci\u00f3n del agua, especialmente por parte de algunas industrias en el pa\u00eds\u201d.<\/p>\n<p>En el texto los expertos consideran que las recomendaciones de las autoridades gubernamentales de comprar agua embotellada para beber \u201ccrea un riesgo de privatizaci\u00f3n de facto del agua para el consumo humano, obligando a la poblaci\u00f3n a comprar agua\u201d. \u201cReconocemos los esfuerzos del gobierno para reducir los impuestos al agua [embotellada]. Sin embargo, es necesario profundizar las medidas para garantizar que todas las personas puedan acceder al agua necesaria para la vida\u201d, suman. Tambi\u00e9n expresan que el Poder Ejecutivo \u201cha recomendado reducir el consumo de agua en los hogares\u201d cuando \u201cestas restricciones no se aplican a los consumidores a gran escala, incluidas las industrias que utilizan agua para la producci\u00f3n\u201d. Afirman que \u201cno priorizar\u201d el uso de agua para consumo humano es \u201cinaceptable\u201d.<\/p>\n<p>Los firmantes de la misiva apuntaron que el derecho humano al agua implica que el agua debe ser \u201cf\u00edsicamente accesible, libre de contaminantes y gestionada de manera sostenible, respetando la dignidad humana, la igualdad y la no discriminaci\u00f3n\u201d. \u201cLas empresas, incluidas las empresas estatales, tienen la responsabilidad de respetar los derechos humanos en todo momento y los estados tienen la obligaci\u00f3n de garantizar la protecci\u00f3n de este derecho al garantizar el acceso universal a agua potable segura, incluso durante emergencias\u201d, a\u00f1aden. La carta finaliza contando que entablaron contacto con el gobierno.<\/p>\n","protected":false},"excerpt":{"rendered":"<p>En una misiva reconocen que el problema subyacente a la crisis h\u00eddrica es la \u201csobreexplotaci\u00f3n del agua, especialmente por algunas industrias en el pa\u00eds\u201d, y plantearon que el Poder Ejecutivo \u201cha recomendado reducir el consumo de agua en los hogares\u201d cuando \u201cestas restricciones no se aplican a los consumidores a gran escala\u201d &nbsp; &nbsp; Pese a las lluvias de las \u00faltimas horas sobre la cuenca del r\u00edo Santa Luc\u00eda, la crisis h\u00eddrico-sanitaria todav\u00eda est\u00e1 lejos de haber quedado atr\u00e1s. La reserva de Paso Severino actualmente cuenta con 2.225.331 metros c\u00fabicos,&#8230;<\/p>\n","protected":false},"author":3,"featured_media":104827,"comment_status":"closed","ping_status":"closed","sticky":false,"template":"","format":"standard","meta":[],"categories":[4],"tags":[],"_links":{"self":[{"href":"https:\/\/www.actualidadadiario.com\/index.php\/wp-json\/wp\/v2\/posts\/104826"}],"collection":[{"href":"https:\/\/www.actualidadadiario.com\/index.php\/wp-json\/wp\/v2\/posts"}],"about":[{"href":"https:\/\/www.actualidadadiario.com\/index.php\/wp-json\/wp\/v2\/types\/post"}],"author":[{"embeddable":true,"href":"https:\/\/www.actualidadadiario.com\/index.php\/wp-json\/wp\/v2\/users\/3"}],"replies":[{"embeddable":true,"href":"https:\/\/www.actualidadadiario.com\/index.php\/wp-json\/wp\/v2\/comments?post=104826"}],"version-history":[{"count":1,"href":"https:\/\/www.actualidadadiario.com\/index.php\/wp-json\/wp\/v2\/posts\/104826\/revisions"}],"predecessor-version":[{"id":104828,"href":"https:\/\/www.actualidadadiario.com\/index.php\/wp-json\/wp\/v2\/posts\/104826\/revisions\/104828"}],"wp:featuredmedia":[{"embeddable":true,"href":"https:\/\/www.actualidadadiario.com\/index.php\/wp-json\/wp\/v2\/media\/104827"}],"wp:attachment":[{"href":"https:\/\/www.actualidadadiario.com\/index.php\/wp-json\/wp\/v2\/media?parent=104826"}],"wp:term":[{"taxonomy":"category","embeddable":true,"href":"https:\/\/www.actualidadadiario.com\/index.php\/wp-json\/wp\/v2\/categories?post=104826"},{"taxonomy":"post_tag","embeddable":true,"href":"https:\/\/www.actualidadadiario.com\/index.php\/wp-json\/wp\/v2\/tags?post=104826"}],"curies":[{"name":"wp","href":"https:\/\/api.w.org\/{rel}","templated":true}]}}