{"id":104821,"date":"2023-07-14T15:27:13","date_gmt":"2023-07-14T18:27:13","guid":{"rendered":"https:\/\/www.actualidadadiario.com\/?p=104821"},"modified":"2023-07-14T15:52:03","modified_gmt":"2023-07-14T18:52:03","slug":"kelly-olmos-revelo-que-costo-mucho-el-acuerdo-por-el-salario-minimo-vital-y-movil","status":"publish","type":"post","link":"https:\/\/www.actualidadadiario.com\/index.php\/2023\/07\/14\/kelly-olmos-revelo-que-costo-mucho-el-acuerdo-por-el-salario-minimo-vital-y-movil\/","title":{"rendered":"Kelly Olmos revel\u00f3 que &#8220;cost\u00f3 mucho&#8221; el acuerdo por el Salario M\u00ednimo, Vital y M\u00f3vil"},"content":{"rendered":"<p style=\"text-align: center;\"><em><strong>La ministra de Trabajo, Kelly Olmos, admiti\u00f3 que fue dif\u00edcil llegar a un acuerdo sobre el nuevo aumento del salario m\u00ednimo en tres tramos. C\u00f3mo queda la escala<\/strong><\/em><\/p>\n<p>&nbsp;<\/p>\n<p>&nbsp;<\/p>\n<p>&nbsp;<\/p>\n<p>La ministra de Trabajo, Raquel &#8220;Kelly&#8221; Olmos, revel\u00f3 este viernes que &#8220;cost\u00f3 mucho&#8221; el acuerdo con el sector empresarial en el marco de la reuni\u00f3n del Consejo del Salario M\u00ednimo, Vital y M\u00f3vil, que acord\u00f3 el jueves un aumento de ese ingreso del 34% en tres tramos. Llegar\u00e1 a 105.500 pesos este mes, a 112.500 en agosto y a 118.000 en septiembre.<\/p>\n<p>&#8220;Despu\u00e9s de debatir bastante, ayer se lleg\u00f3 a un acuerdo de 30 miembros, una abstenci\u00f3n y un voto en contra. El salario m\u00ednimo vital y m\u00f3vil va a alcanzar los 118.000 pesos en septiembre en tres cuotas, lo que impacta fundamentalmente sobre los ingresos de los sectores no formales&#8221;, ratific\u00f3 Olmos esta ma\u00f1ana en declaraciones a Radio AM 750.<\/p>\n<p>&#8220;La CTA de los trabajadores se abstuvo y la Aut\u00f3noma vot\u00f3 en contra y es lo que viene pasando en los distintos consejos. Lo que cost\u00f3 mucho esta vez es el acuerdo con el sector empresario. Ped\u00edan que estos porcentajes se aplicaran sobre la base de marzo y no sobre la de junio como se aplicaron finalmente&#8221;, revel\u00f3 Olmos.<\/p>\n<p>Al ser consultada sobre la posibilidad de aplicar una suma fija para los trabajadores, la ministra respondi\u00f3 que las paritarias son &#8220;la columna vertebral&#8221; para el sector formal. &#8220;No es que el Gobierno no quiere dar la suma fija. Hay un sistema de actualizaci\u00f3n de ingresos que tenemos vigente y que es muy virtuoso el punto de vista democr\u00e1tico. Los gobiernos tanto militares-dictatoriales como los que buscan maximizar ganancias lo primero que hicieron fue intentar dejar de lado ese mecanismo&#8221;, explic\u00f3.<\/p>\n<p>Adem\u00e1s, sostuvo que &#8220;en muchos acuerdos paritarios se est\u00e1 planteando un porcentaje m\u00e1s una suma fija&#8221;, pero que no se puede &#8220;hacer desde afuera del sistema&#8221;.<\/p>\n<p>&#8220;Las paritarias funcionan con una negociaci\u00f3n muy vigorosa en la defensa de los intereses de cada parte. Cuando se alcanza un acuerdo, no se puede introducir cambios por afuera. Cambiar las reglas de juego con car\u00e1cter general te deja en un nivel de incertidumbre que implicar\u00eda pr\u00e1cticamente paralizar las paritarias&#8221;, puntualiz\u00f3.<\/p>\n<p>Por otro lado, la ministra renov\u00f3 su &#8220;apoyo&#8221; a la f\u00f3rmula presidencial de Uni\u00f3n por la Patria (UxP), que integran Sergio Massa y Agust\u00edn Rossi.<\/p>\n<p>&#8220;Es muy importante que el movimiento nacional y popular argentino haya podido converger mayoritariamente en una f\u00f3rmula de unidad. Sergio es la persona que m\u00e1s se ha preparado para poder asumir la candidatura a presidente&#8221;, complet\u00f3.<\/p>\n<p>&nbsp;<\/p>\n<p><strong>De cu\u00e1nto es el salario m\u00ednimo en Argentina<\/strong><\/p>\n<ul>\n<li>Julio: $105.500<\/li>\n<li>Agosto: $112.500<\/li>\n<li>Septiembre: $118.000<\/li>\n<\/ul>\n<p>El incremento del ingreso m\u00ednimo fue aprobado sobre la base de los valores vigentes a junio \u00faltimo, de 87.987 pesos, seg\u00fan fuentes que informaron a T\u00e9lam despu\u00e9s de la reuni\u00f3n por el Consejo del Salario.<\/p>\n<p>La CGT propuso elevarlo a $118.000 para septiembre, en virtud de un aumento en tres tramos del 20% este mes, del 8% en agosto y del 6% en septiembre.<\/p>\n<p>Por su parte, la CTA Aut\u00f3noma reclam\u00f3 un 55% en una cuota para el trimestre y revisi\u00f3n en octubre, lo que fijar\u00eda el monto del ingreso en $135.000.<\/p>\n<p>Por otro lado, mientras que la CTA de los Trabajadores que lidera Hugo Yasky demand\u00f3 un haber de $128.291 con el 26,2% en julio, del 9,5% en agosto y 10,2% en septiembre, las c\u00e1maras empresarias coincidieron con los \u00edndices de la CGT, pero sobre la base de marzo y no de junio para un b\u00e1sico de $111.600.<\/p>\n","protected":false},"excerpt":{"rendered":"<p>La ministra de Trabajo, Kelly Olmos, admiti\u00f3 que fue dif\u00edcil llegar a un acuerdo sobre el nuevo aumento del salario m\u00ednimo en tres tramos. C\u00f3mo queda la escala &nbsp; &nbsp; &nbsp; La ministra de Trabajo, Raquel &#8220;Kelly&#8221; Olmos, revel\u00f3 este viernes que &#8220;cost\u00f3 mucho&#8221; el acuerdo con el sector empresarial en el marco de la reuni\u00f3n del Consejo del Salario M\u00ednimo, Vital y M\u00f3vil, que acord\u00f3 el jueves un aumento de ese ingreso del 34% en tres tramos. Llegar\u00e1 a 105.500 pesos este mes, a 112.500 en agosto y a&#8230;<\/p>\n","protected":false},"author":3,"featured_media":104254,"comment_status":"closed","ping_status":"closed","sticky":false,"template":"","format":"standard","meta":[],"categories":[18],"tags":[],"_links":{"self":[{"href":"https:\/\/www.actualidadadiario.com\/index.php\/wp-json\/wp\/v2\/posts\/104821"}],"collection":[{"href":"https:\/\/www.actualidadadiario.com\/index.php\/wp-json\/wp\/v2\/posts"}],"about":[{"href":"https:\/\/www.actualidadadiario.com\/index.php\/wp-json\/wp\/v2\/types\/post"}],"author":[{"embeddable":true,"href":"https:\/\/www.actualidadadiario.com\/index.php\/wp-json\/wp\/v2\/users\/3"}],"replies":[{"embeddable":true,"href":"https:\/\/www.actualidadadiario.com\/index.php\/wp-json\/wp\/v2\/comments?post=104821"}],"version-history":[{"count":1,"href":"https:\/\/www.actualidadadiario.com\/index.php\/wp-json\/wp\/v2\/posts\/104821\/revisions"}],"predecessor-version":[{"id":104822,"href":"https:\/\/www.actualidadadiario.com\/index.php\/wp-json\/wp\/v2\/posts\/104821\/revisions\/104822"}],"wp:featuredmedia":[{"embeddable":true,"href":"https:\/\/www.actualidadadiario.com\/index.php\/wp-json\/wp\/v2\/media\/104254"}],"wp:attachment":[{"href":"https:\/\/www.actualidadadiario.com\/index.php\/wp-json\/wp\/v2\/media?parent=104821"}],"wp:term":[{"taxonomy":"category","embeddable":true,"href":"https:\/\/www.actualidadadiario.com\/index.php\/wp-json\/wp\/v2\/categories?post=104821"},{"taxonomy":"post_tag","embeddable":true,"href":"https:\/\/www.actualidadadiario.com\/index.php\/wp-json\/wp\/v2\/tags?post=104821"}],"curies":[{"name":"wp","href":"https:\/\/api.w.org\/{rel}","templated":true}]}}