{"id":104817,"date":"2023-07-14T15:31:28","date_gmt":"2023-07-14T18:31:28","guid":{"rendered":"https:\/\/www.actualidadadiario.com\/?p=104817"},"modified":"2023-07-14T15:31:28","modified_gmt":"2023-07-14T18:31:28","slug":"rossi-acuso-a-la-oposicion-de-trabar-las-negociaciones-con-el-fmi","status":"publish","type":"post","link":"https:\/\/www.actualidadadiario.com\/index.php\/2023\/07\/14\/rossi-acuso-a-la-oposicion-de-trabar-las-negociaciones-con-el-fmi\/","title":{"rendered":"Rossi acus\u00f3 a la oposici\u00f3n de trabar las negociaciones con el FMI"},"content":{"rendered":"<p style=\"text-align: center;\"><em><strong>&#8220;Mi consejo es que quieran un poco m\u00e1s a los argentinos&#8221;, asegur\u00f3 el jefe de Gabinete y precandidato a vicepresidente en sinton\u00eda con su compa\u00f1ero de f\u00f3rmula y ministro de Econom\u00eda, Sergio Massa<\/strong><\/em><\/p>\n<p>&nbsp;<\/p>\n<p>&nbsp;<\/p>\n<p>Agust\u00edn Rossi, jefe de Gabinete y precandidato a vicepresidente, se mostr\u00f3 en sinton\u00eda con su compa\u00f1ero de f\u00f3rmula y ministro de Econom\u00eda, Sergio Massa, al responsabilizar a funcionarios de Juntos por el Cambio de trabar las negociaciones que lleva adelante el Gobierno Nacional con el Fondo Monetario Internacional (FMI). &#8220;Mi consejo es que quieran un poco m\u00e1s a los argentinos&#8221;, sostuvo.<\/p>\n<p>Desde Casa Rosada, tras encabezar la apertura de la segunda jornada del encuentro Innovar, Rossi sostuvo: &#8220;El ministro de Econom\u00eda ha sido claro en el d\u00eda de ayer, dijo que funcionarios y dirigentes del fondo le dijeron que hab\u00eda economistas argentinos pertenecientes a la oposici\u00f3n que hablaban con funcionarios de segundas l\u00edneas del fondo alent\u00e1ndolos para que pongan todas las trabas para que la Argentina no logre el acuerdo que necesitamos&#8221;.<\/p>\n<p>&#8220;Me cont\u00f3 un economista del FMI esta ma\u00f1ana en un Zoom, que les hablaron al FMI y les dijeron: no le den nada, p\u00eddanle todo, Argentina la tiene que pasar mala ahora, esto tiene que estallar&#8221;, supo confesar Massa, ayer, durante un acto de gesti\u00f3n, y cont\u00f3 adem\u00e1s que el economista de la entidad de cr\u00e9dito tild\u00f3 de &#8220;poco patriotas&#8221; a los opositores.<\/p>\n<p>En sinton\u00eda, el jefe de Gabinete plante\u00f3 que el Gobierno trabaja en un acuerdo de condiciones &#8220;razonables&#8221;, que respete los intereses del pa\u00eds, y carg\u00f3 contra &#8220;cualquiera que est\u00e9 entorpeciendo esa negociaci\u00f3n&#8221;.<\/p>\n<p>&#8220;Una cosa es ser oposici\u00f3n al gobierno, y otra a la Argentina&#8221;, asever\u00f3 al tiempo que acus\u00f3 a los referentes de la principal coalici\u00f3n opositora de ser trabajar en contra del desarrollo de la Naci\u00f3n. &#8220;A veces parecen que m\u00e1s que opositores a nosotros son opositores a nuestro propio pa\u00eds&#8221;, remarc\u00f3.<\/p>\n<p>&#8220;Se enojan con los argentinos, no califican adecuadamente al pa\u00eds, inauguramos una obra como la del gasoducto, que es una obra trascendente y siempre tienen alg\u00fan pero, as\u00ed que mi consejo es que quieran un poquito m\u00e1s a los argentinos&#8221;, denunci\u00f3 el precandidato a Vice de Uni\u00f3n por la Patria.<\/p>\n<p>En otro pasaje de la declaraci\u00f3n que brindo a los medios acreditados, Rossi celebr\u00f3 el descenso inflacionario que registr\u00f3 ayer el tercer mes de decrecimiento consecutivo luego de que el INDEC revelara que la inflaci\u00f3n de junio fue del 6%, y sostuvo que se debe trabajar en consolidar la tendencia.<\/p>\n<p>&#8220;Fue una baja importante, un alivio para el conjunto de los argentinos que muestra de alguna manera que las pol\u00edticas econ\u00f3micas que ven\u00edamos llevando adelante son efectivas&#8221;, indic\u00f3, y sum\u00f3: &#8220;Nos alienta a seguir poniendo todo el esfuerzo necesario para mejorar la calidad de vida de nuestra gente&#8221;<\/p>\n<p>Por \u00faltimo, el titular de ministros descart\u00f3 p\u00e9rdida de poder del Presidente y aclar\u00f3 que &#8220;est\u00e1 dedicado a la gesti\u00f3n&#8221; con &#8220;el poder pol\u00edtico que le otorga la Constituci\u00f3n&#8221;. &#8220;No s\u00e9 de d\u00f3nde sacan que no tiene poder pol\u00edtico&#8221;, respondi\u00f3 tras la consulta de un periodista.<\/p>\n<p>Se espera que Rossi asista junto a Sergio Massa al acto en apoyo a la f\u00f3rmula electoral que realizar\u00e1 la CGT, el pr\u00f3ximo 19 de julio, en la sede de UPCN.<\/p>\n","protected":false},"excerpt":{"rendered":"<p>&#8220;Mi consejo es que quieran un poco m\u00e1s a los argentinos&#8221;, asegur\u00f3 el jefe de Gabinete y precandidato a vicepresidente en sinton\u00eda con su compa\u00f1ero de f\u00f3rmula y ministro de Econom\u00eda, Sergio Massa &nbsp; &nbsp; Agust\u00edn Rossi, jefe de Gabinete y precandidato a vicepresidente, se mostr\u00f3 en sinton\u00eda con su compa\u00f1ero de f\u00f3rmula y ministro de Econom\u00eda, Sergio Massa, al responsabilizar a funcionarios de Juntos por el Cambio de trabar las negociaciones que lleva adelante el Gobierno Nacional con el Fondo Monetario Internacional (FMI). &#8220;Mi consejo es que quieran un&#8230;<\/p>\n","protected":false},"author":3,"featured_media":97555,"comment_status":"closed","ping_status":"closed","sticky":false,"template":"","format":"standard","meta":[],"categories":[18],"tags":[],"_links":{"self":[{"href":"https:\/\/www.actualidadadiario.com\/index.php\/wp-json\/wp\/v2\/posts\/104817"}],"collection":[{"href":"https:\/\/www.actualidadadiario.com\/index.php\/wp-json\/wp\/v2\/posts"}],"about":[{"href":"https:\/\/www.actualidadadiario.com\/index.php\/wp-json\/wp\/v2\/types\/post"}],"author":[{"embeddable":true,"href":"https:\/\/www.actualidadadiario.com\/index.php\/wp-json\/wp\/v2\/users\/3"}],"replies":[{"embeddable":true,"href":"https:\/\/www.actualidadadiario.com\/index.php\/wp-json\/wp\/v2\/comments?post=104817"}],"version-history":[{"count":1,"href":"https:\/\/www.actualidadadiario.com\/index.php\/wp-json\/wp\/v2\/posts\/104817\/revisions"}],"predecessor-version":[{"id":104818,"href":"https:\/\/www.actualidadadiario.com\/index.php\/wp-json\/wp\/v2\/posts\/104817\/revisions\/104818"}],"wp:featuredmedia":[{"embeddable":true,"href":"https:\/\/www.actualidadadiario.com\/index.php\/wp-json\/wp\/v2\/media\/97555"}],"wp:attachment":[{"href":"https:\/\/www.actualidadadiario.com\/index.php\/wp-json\/wp\/v2\/media?parent=104817"}],"wp:term":[{"taxonomy":"category","embeddable":true,"href":"https:\/\/www.actualidadadiario.com\/index.php\/wp-json\/wp\/v2\/categories?post=104817"},{"taxonomy":"post_tag","embeddable":true,"href":"https:\/\/www.actualidadadiario.com\/index.php\/wp-json\/wp\/v2\/tags?post=104817"}],"curies":[{"name":"wp","href":"https:\/\/api.w.org\/{rel}","templated":true}]}}