{"id":104814,"date":"2023-07-14T15:33:43","date_gmt":"2023-07-14T18:33:43","guid":{"rendered":"https:\/\/www.actualidadadiario.com\/?p=104814"},"modified":"2023-07-14T15:50:17","modified_gmt":"2023-07-14T18:50:17","slug":"sergio-massa-viaja-a-catamarca-y-encabeza-el-primer-acto-de-campana-en-el-interior","status":"publish","type":"post","link":"https:\/\/www.actualidadadiario.com\/index.php\/2023\/07\/14\/sergio-massa-viaja-a-catamarca-y-encabeza-el-primer-acto-de-campana-en-el-interior\/","title":{"rendered":"Massa visita Catamarca y Entre R\u00edos en modo ministro precandidato acompa\u00f1ado por Wado de Pedro"},"content":{"rendered":"<p style=\"text-align: center;\"><em><strong>Sergio Massa comienza a recorrer las provincias ya en modo campa\u00f1a, en medio de las tensiones de la negociaci\u00f3n con el FMI. Este viernes visitar\u00e1 Catamarca de la mano de su gobernador Ra\u00fal Jalil, mientras que el lunes estar\u00e1 en Entre R\u00edos junto al gobernador Gustavo Bordet y el candidato oficialista Ad\u00e1n Bahl<\/strong><\/em><\/p>\n<p>&nbsp;<\/p>\n<p>&nbsp;<\/p>\n<p>Por lo pronto, este viernes los ministros de Econom\u00eda y de Interior, Massa y Wado de Pedro, visitar\u00e1n la provincia de Catamarca, donde junto al gobernador Jalil, dar\u00e1n inicio a la 52\u00aa Fiesta Nacional e Internacional del Poncho. De esta manera, el precandidato presidencial de Uni\u00f3n por la Patria har\u00e1 pie en una provincia peronista en una mezcla ya entre sus dos roles de ministro y precandidato. Ser\u00e1 la primera vez desde su confirmaci\u00f3n en la boleta que est\u00e9 acompa\u00f1ado por Wado, en tanto jefe de campa\u00f1a del oficialismo.<\/p>\n<p>Los ministros mantendr\u00e1n un encuentro con gremios y empresarios del sector industrial y visitar\u00e1n el Centro de Gen\u00e9tica de Ganado Bovino, y hablar\u00e1n el ministro de Cultura, Roberto Brunello, el gobernador de la provincia Jalil, \u201cWado\u201d y Massa.<\/p>\n<p>Luego recorrer\u00e1n el pabell\u00f3n de artesanos y productores y visitar\u00e1n el Parque Industrial El Pantanillo, donde se suma el secretario de Industria Jos\u00e9 Ignacio \u201cVasco\u201d De Mendiguren con trabajadores y gerente de la planta. M\u00e1s tarde compartir\u00e1n una reuni\u00f3n con empresarios regionales en la Uni\u00f3n Industrial de Catamarca.<\/p>\n<p>Adem\u00e1s, la Secretaria de Energ\u00eda, Flavia Roy\u00f3n; el secretario de Agricultura, Juan Jos\u00e9 Bahillo; y el ministro de Seguridad, An\u00edbal Fern\u00e1ndez, un funcionario cercano a Alberto Fern\u00e1ndez y que hasta el cierre de listas estuvo enfrentado al armado de Cristina Fern\u00e1ndez.<\/p>\n<p>En tanto, el lunes Massa se reunir\u00e1 en Entre R\u00edos con el gobernador Gustavo Bordet y el precandidato oficialista Ad\u00e1n Bahl a gobernador por M\u00e1s para Entre R\u00edos, la denominaci\u00f3n provincial de Uni\u00f3n por la Patria.<\/p>\n","protected":false},"excerpt":{"rendered":"<p>Sergio Massa comienza a recorrer las provincias ya en modo campa\u00f1a, en medio de las tensiones de la negociaci\u00f3n con el FMI. Este viernes visitar\u00e1 Catamarca de la mano de su gobernador Ra\u00fal Jalil, mientras que el lunes estar\u00e1 en Entre R\u00edos junto al gobernador Gustavo Bordet y el candidato oficialista Ad\u00e1n Bahl &nbsp; &nbsp; Por lo pronto, este viernes los ministros de Econom\u00eda y de Interior, Massa y Wado de Pedro, visitar\u00e1n la provincia de Catamarca, donde junto al gobernador Jalil, dar\u00e1n inicio a la 52\u00aa Fiesta Nacional e&#8230;<\/p>\n","protected":false},"author":3,"featured_media":104815,"comment_status":"closed","ping_status":"closed","sticky":false,"template":"","format":"standard","meta":[],"categories":[18],"tags":[],"_links":{"self":[{"href":"https:\/\/www.actualidadadiario.com\/index.php\/wp-json\/wp\/v2\/posts\/104814"}],"collection":[{"href":"https:\/\/www.actualidadadiario.com\/index.php\/wp-json\/wp\/v2\/posts"}],"about":[{"href":"https:\/\/www.actualidadadiario.com\/index.php\/wp-json\/wp\/v2\/types\/post"}],"author":[{"embeddable":true,"href":"https:\/\/www.actualidadadiario.com\/index.php\/wp-json\/wp\/v2\/users\/3"}],"replies":[{"embeddable":true,"href":"https:\/\/www.actualidadadiario.com\/index.php\/wp-json\/wp\/v2\/comments?post=104814"}],"version-history":[{"count":2,"href":"https:\/\/www.actualidadadiario.com\/index.php\/wp-json\/wp\/v2\/posts\/104814\/revisions"}],"predecessor-version":[{"id":104820,"href":"https:\/\/www.actualidadadiario.com\/index.php\/wp-json\/wp\/v2\/posts\/104814\/revisions\/104820"}],"wp:featuredmedia":[{"embeddable":true,"href":"https:\/\/www.actualidadadiario.com\/index.php\/wp-json\/wp\/v2\/media\/104815"}],"wp:attachment":[{"href":"https:\/\/www.actualidadadiario.com\/index.php\/wp-json\/wp\/v2\/media?parent=104814"}],"wp:term":[{"taxonomy":"category","embeddable":true,"href":"https:\/\/www.actualidadadiario.com\/index.php\/wp-json\/wp\/v2\/categories?post=104814"},{"taxonomy":"post_tag","embeddable":true,"href":"https:\/\/www.actualidadadiario.com\/index.php\/wp-json\/wp\/v2\/tags?post=104814"}],"curies":[{"name":"wp","href":"https:\/\/api.w.org\/{rel}","templated":true}]}}