{"id":104808,"date":"2023-07-14T15:28:16","date_gmt":"2023-07-14T18:28:16","guid":{"rendered":"https:\/\/www.actualidadadiario.com\/?p=104808"},"modified":"2023-07-14T15:28:16","modified_gmt":"2023-07-14T18:28:16","slug":"apertura-de-mercado-fin-de-cepo-y-cambios-en-el-bcra-las-propuestas-de-larreta-contra-la-inflacion","status":"publish","type":"post","link":"https:\/\/www.actualidadadiario.com\/index.php\/2023\/07\/14\/apertura-de-mercado-fin-de-cepo-y-cambios-en-el-bcra-las-propuestas-de-larreta-contra-la-inflacion\/","title":{"rendered":"Apertura de mercado, fin de cepo y cambios en el BCRA, las propuestas de Larreta contra la Inflaci\u00f3n"},"content":{"rendered":"<p style=\"text-align: center;\"><em><strong>El precandidato presidencial de Juntos por el Cambio contin\u00faa con la presentaci\u00f3n de sus iniciativas en caso de ser electo presidente el pr\u00f3ximo 22 de octubre<\/strong><\/em><\/p>\n<p>&nbsp;<\/p>\n<p>&nbsp;<\/p>\n<p>El precandidato presidencial de Juntos por el Cambio en estas Elecciones 2023, Horacio Rodr\u00edguez Larreta, present\u00f3 sus propuestas electorales en torno a la inflaci\u00f3n, un d\u00eda despu\u00e9s de que el Indec difundiera el dato oficial de 6% para el mes de junio: &#8220;La inflaci\u00f3n es uno de los dolores m\u00e1s duros y m\u00e1s concretos que hoy sufrimos todos los argentinos&#8221;.<\/p>\n<p>A diferencia de otras veces, el jefe de Gobierno de la Ciudad de Buenos Aires se present\u00f3 sin su compa\u00f1ero de f\u00f3rmula, el gobernador juje\u00f1o Gerardo Morales, para brindar sus iniciativas en relaci\u00f3n al aumento generalizado de precios en caso de ser electo presidente.<\/p>\n<p>Las propuestas del candidato opositor se dan en un marco de inflaci\u00f3n de 6% en junio con una desaceleraci\u00f3n respecto a mayo. El \u00cdndice de Precios al Consumidor (IPC) acumul\u00f3, as\u00ed, en lo que va del a\u00f1o un 50,7%, mientras que en los \u00faltimos 12 meses, alcanz\u00f3 el 115,6%.<\/p>\n<p>Con este dato, el IPC desaceler\u00f3 1,8 puntos porcentuales con respecto a la medici\u00f3n previa. La divisi\u00f3n con mayor incidencia en todas las regiones y, adem\u00e1s, la que menos subi\u00f3 en el mes fue alimentos y bebidas que avanz\u00f3 4,1%.<\/p>\n<p>&nbsp;<\/p>\n<p><strong>Inflaci\u00f3n: las 9 propuestas electorales de Rodr\u00edguez Larreta<\/strong><\/p>\n<p>Es en este marco inflacionario que Horacio Rodr\u00edguez Larreta lanz\u00f3 ocho ideas para detener el aumento de precios a nivel nacional:<\/p>\n<p>&nbsp;<\/p>\n<p><strong>D\u00e9ficit fiscal<\/strong><\/p>\n<p>En su presentaci\u00f3n, Rodr\u00edguez Larreta dividi\u00f3 a sus propuestas en cuatro ejes. Las primeras tres, dedicadas a reducir el d\u00e9ficit fiscal.<\/p>\n<p>&nbsp;<\/p>\n<ul>\n<li><strong>Revisar el presupuesto:<\/strong> &#8220;Vamos a revisar el presupuesto l\u00ednea por l\u00ednea, peso por peso, para sacar todo gasto innecesario, para equilibrar las cuentas y para llegar al d\u00e9ficit 0 el primer a\u00f1o&#8221;.<\/li>\n<li><strong>Eliminar el d\u00e9ficit de las empresas p\u00fablicas:<\/strong> &#8220;Vamos a eliminar ineficiencias y privilegios. Todas van a tener que ser rentables como cualquier empresa. Van a tener que tener los n\u00fameros equilibrados&#8221;.<\/li>\n<li><strong>Justificaci\u00f3n de los fondos:<\/strong> &#8220;Cada diputado y senador que presente un proyecto va a tener que explicar a todos los argentinos c\u00f3mo se va a pagar&#8221;.<\/li>\n<\/ul>\n<p>&nbsp;<\/p>\n<p><strong>Estabilidad monetaria y cambiaria<\/strong><\/p>\n<ul>\n<li><strong>Modificar la Carta Org\u00e1nica del Banco Central:<\/strong> &#8220;Nunca m\u00e1s el Gobierno le puede tocar la puerta al Banco Central para pedir que le financie el d\u00e9ficit. Las autoridades del Banco Central no van a poder ser removidas pol\u00edticamente&#8221;.<\/li>\n<li><strong>Unificar los 18 tipos de cambio:<\/strong> &#8220;Vamos a trazar un sendero de salida del cepo y de unificaci\u00f3n de lo que hoy son 18 tipos de cambio. Tenemos que llegar a eso al final del primer a\u00f1o&#8221;.<\/li>\n<li><strong>Recuperar el acceso al cr\u00e9dito:<\/strong> &#8220;En los primeros doce meses vamos a ver un aumento sostenido del cr\u00e9dito, lo que va a permitir a las empresas invertir, aumentar su producci\u00f3n y generar m\u00e1s trabajo&#8221;.<\/li>\n<li><strong>Acuerdo con las provincias para bajar impuestos:<\/strong> &#8220;Hoy los que producen est\u00e1n asfixiados por una enorme carga impositiva que se traslada a precios. Vamos a retomar el camino que hab\u00eda iniciado Mauricio en el 17 con el pacto fiscal. Eso significa reducir y ponerle topes a ingresos brutos y al impuesto a los sellos&#8221;.<\/li>\n<\/ul>\n<p>&nbsp;<\/p>\n<p><strong>Salarios<\/strong><\/p>\n<ul>\n<li>Los salarios van a ganarle a la inflaci\u00f3n: &#8220;Si los argentinos nos acompa\u00f1an con su voto, al final del mandato el salario real va a estar recuperado. Hoy tenemos uno de cada tres trabajadores que tienen un trabajo formal pero que est\u00e1n por debajo de la l\u00ednea de pobreza&#8221;.<\/li>\n<\/ul>\n","protected":false},"excerpt":{"rendered":"<p>El precandidato presidencial de Juntos por el Cambio contin\u00faa con la presentaci\u00f3n de sus iniciativas en caso de ser electo presidente el pr\u00f3ximo 22 de octubre &nbsp; &nbsp; El precandidato presidencial de Juntos por el Cambio en estas Elecciones 2023, Horacio Rodr\u00edguez Larreta, present\u00f3 sus propuestas electorales en torno a la inflaci\u00f3n, un d\u00eda despu\u00e9s de que el Indec difundiera el dato oficial de 6% para el mes de junio: &#8220;La inflaci\u00f3n es uno de los dolores m\u00e1s duros y m\u00e1s concretos que hoy sufrimos todos los argentinos&#8221;. A diferencia&#8230;<\/p>\n","protected":false},"author":3,"featured_media":104809,"comment_status":"closed","ping_status":"closed","sticky":false,"template":"","format":"standard","meta":[],"categories":[18],"tags":[],"_links":{"self":[{"href":"https:\/\/www.actualidadadiario.com\/index.php\/wp-json\/wp\/v2\/posts\/104808"}],"collection":[{"href":"https:\/\/www.actualidadadiario.com\/index.php\/wp-json\/wp\/v2\/posts"}],"about":[{"href":"https:\/\/www.actualidadadiario.com\/index.php\/wp-json\/wp\/v2\/types\/post"}],"author":[{"embeddable":true,"href":"https:\/\/www.actualidadadiario.com\/index.php\/wp-json\/wp\/v2\/users\/3"}],"replies":[{"embeddable":true,"href":"https:\/\/www.actualidadadiario.com\/index.php\/wp-json\/wp\/v2\/comments?post=104808"}],"version-history":[{"count":1,"href":"https:\/\/www.actualidadadiario.com\/index.php\/wp-json\/wp\/v2\/posts\/104808\/revisions"}],"predecessor-version":[{"id":104810,"href":"https:\/\/www.actualidadadiario.com\/index.php\/wp-json\/wp\/v2\/posts\/104808\/revisions\/104810"}],"wp:featuredmedia":[{"embeddable":true,"href":"https:\/\/www.actualidadadiario.com\/index.php\/wp-json\/wp\/v2\/media\/104809"}],"wp:attachment":[{"href":"https:\/\/www.actualidadadiario.com\/index.php\/wp-json\/wp\/v2\/media?parent=104808"}],"wp:term":[{"taxonomy":"category","embeddable":true,"href":"https:\/\/www.actualidadadiario.com\/index.php\/wp-json\/wp\/v2\/categories?post=104808"},{"taxonomy":"post_tag","embeddable":true,"href":"https:\/\/www.actualidadadiario.com\/index.php\/wp-json\/wp\/v2\/tags?post=104808"}],"curies":[{"name":"wp","href":"https:\/\/api.w.org\/{rel}","templated":true}]}}