{"id":104805,"date":"2023-07-14T15:30:31","date_gmt":"2023-07-14T18:30:31","guid":{"rendered":"https:\/\/www.actualidadadiario.com\/?p=104805"},"modified":"2023-07-14T15:50:51","modified_gmt":"2023-07-14T18:50:51","slug":"alberto-fernandez-inauguro-100-obras-en-100-localidades-de-todo-el-pais","status":"publish","type":"post","link":"https:\/\/www.actualidadadiario.com\/index.php\/2023\/07\/14\/alberto-fernandez-inauguro-100-obras-en-100-localidades-de-todo-el-pais\/","title":{"rendered":"Alberto Fern\u00e1ndez inaugur\u00f3 100 obras en 100 localidades de todo el pa\u00eds"},"content":{"rendered":"<p style=\"text-align: center;\"><em><strong>El Presidente encabez\u00f3 la actividad en el Centro Cultural Kirchner (CCK). Estuvo acompa\u00f1ado por el ministro de obras P\u00fablicas, Gabriel Katopodis<\/strong><\/em><\/p>\n<p>&nbsp;<\/p>\n<p>&nbsp;<\/p>\n<p>El presidente Alberto Fern\u00e1ndez inaugur\u00f3 en forma simult\u00e1nea de 100 obras p\u00fablicas en 100 localidades de las 23 provincias del pa\u00eds, acompa\u00f1ado por el ministro de Obras P\u00fablicas, Gabriel Katopodis.<\/p>\n<p>En ese marco Alberto Fern\u00e1ndez afirm\u00f3 hoy que, al inicio de su gesti\u00f3n, se propuso &#8220;hacer una Argentina m\u00e1s federal&#8221;, consider\u00f3 que lo ha &#8220;cumplido&#8221; a lo largo de los cuatro a\u00f1os de su mandato y dijo que realiz\u00f3 &#8220;todo&#8221; lo que estuvo a su alcance &#8220;para lograr el objetivo&#8221; de que los argentinos vivan mejor.<\/p>\n<p>&#8220;Me propuse hacer una Argentina m\u00e1s federal y s\u00e9 que he cumplido. \u00bfAlcanza? No, hay que hacer m\u00e1s y no bajar los brazos, y seguir insistiendo para hacer a\u00fan m\u00e1s federal a la Argentina&#8221;, sostuvo en el acto, acompa\u00f1ado por una decena de intendentes que estuvieron en el lugar y otros varios que participaron de manera virtual.<\/p>\n<p>En otro tramo de su discurso, Alberto Fern\u00e1ndez asever\u00f3: &#8220;Hemos podido hacer mucho. Yo duermo en paz, porque en estos 4 a\u00f1os hice todo lo que estuvo a mi alcance por lograr el objetivo. Los datos muestran que vamos por la buena senda&#8221;, dijo en el acto donde adem\u00e1s destac\u00f3 que la Argentina tiene actualmente &#8220;una de las tasas de desocupaci\u00f3n m\u00e1s bajas&#8221; de la historia.<\/p>\n<p>Con las 100 obras p\u00fablicas de hoy, el Gobierno alcanz\u00f3 las 1.640 finalizadas en el marco del Plan Argentina Hace, lo que significa m\u00e1s de una obra terminada por d\u00eda desde su lanzamiento, en enero de 2020.<\/p>\n<p>&nbsp;<\/p>\n<p><strong>Qu\u00e9 obras p\u00fablicas inaugur\u00f3 Alberto Fern\u00e1ndez<\/strong><\/p>\n<p>Seg\u00fan se inform\u00f3 oficialmente, son 4.666.931 las personas beneficiadas con la inauguraci\u00f3n simult\u00e1nea de estas iniciativas, que representan una inversi\u00f3n del Estado nacional de 5.543 millones de pesos.<\/p>\n<p>Del total de obras, 39 consistieron en trabajos de pavimentaci\u00f3n, accesibilidad y mejoramiento urbano y 18 de ampliaci\u00f3n de la cobertura de agua y saneamiento.<\/p>\n<p>Adem\u00e1s, 19 son obras de renovaci\u00f3n integral de espacios p\u00fablicos y 24 de equipamiento urbano como la construcci\u00f3n y puesta en valor de espacios deportivos, culturales y centros de salud.<\/p>\n<p>El Plan Argentina Hace, lanzado en enero de 2020, fue ideado para generar trabajo local para PyMES y cooperativas de la construcci\u00f3n.<\/p>\n<p>La iniciativa lleva adelante intervenciones de ejecuci\u00f3n r\u00e1pida para crear empleo local, mejorar la infraestructura de barrios y ciudades, y promover la paridad de g\u00e9nero entre las y los trabajadores.<\/p>\n<p>Seg\u00fan se inform\u00f3 oficialmente, consiste en casi 3.000 obras, que integran las 6.517 vigentes del Ministerio de Obras P\u00fablicas, por una inversi\u00f3n de $146.908 millones, alcanzando a 1.373 gobiernos locales.<\/p>\n<p>&nbsp;<\/p>\n<p><strong>Viaje a Bruselas en medio de la negociaci\u00f3n entre la Uni\u00f3n Europea y el Mercosur<\/strong><\/p>\n<p>El presidente Alberto Fern\u00e1ndez viajar\u00e1 el pr\u00f3ximo lunes a Bruselas para participar de la cumbre conjunta entre la CELAC y la Uni\u00f3n Europea. La visita se da en medio de negociaciones por el acuerdo comercial con el Mercosur que se aceleraron fuerte este a\u00f1o. Lula Da Silva, quien est\u00e1 a cargo de la presidencia pro tempore del bloque sudamericano, tambi\u00e9n ser\u00e1 de la partida. El mandatario argentino sostendr\u00e1 una serie de reuniones bilaterales. Entre ellas se destaca un encuentro con el canciller alem\u00e1n, Olaf Scholz. Remarcan que hay fuerte inter\u00e9s europeo en los sectores de energ\u00eda y miner\u00eda.<\/p>\n<p>A comienzos de la semana que viene, cuando Fern\u00e1ndez arribe a la capital de B\u00e9lgica junto al canciller Santiago Cafiero y la secretaria de Relaciones Econ\u00f3micas Internacionales, Cecilia Todesca Bocco, ser\u00e1 recibido por el flamante embajador ante la Uni\u00f3n Europea. El diplom\u00e1tico de carrera en el \u00e1rea comercial del Ministerio de Relaciones Exteriores, Atilio Berardi, present\u00f3 ayer sus cartas credenciales y fue oficializado en el cargo.<\/p>\n","protected":false},"excerpt":{"rendered":"<p>El Presidente encabez\u00f3 la actividad en el Centro Cultural Kirchner (CCK). Estuvo acompa\u00f1ado por el ministro de obras P\u00fablicas, Gabriel Katopodis &nbsp; &nbsp; El presidente Alberto Fern\u00e1ndez inaugur\u00f3 en forma simult\u00e1nea de 100 obras p\u00fablicas en 100 localidades de las 23 provincias del pa\u00eds, acompa\u00f1ado por el ministro de Obras P\u00fablicas, Gabriel Katopodis. En ese marco Alberto Fern\u00e1ndez afirm\u00f3 hoy que, al inicio de su gesti\u00f3n, se propuso &#8220;hacer una Argentina m\u00e1s federal&#8221;, consider\u00f3 que lo ha &#8220;cumplido&#8221; a lo largo de los cuatro a\u00f1os de su mandato y dijo&#8230;<\/p>\n","protected":false},"author":3,"featured_media":104806,"comment_status":"closed","ping_status":"closed","sticky":false,"template":"","format":"standard","meta":[],"categories":[9],"tags":[],"_links":{"self":[{"href":"https:\/\/www.actualidadadiario.com\/index.php\/wp-json\/wp\/v2\/posts\/104805"}],"collection":[{"href":"https:\/\/www.actualidadadiario.com\/index.php\/wp-json\/wp\/v2\/posts"}],"about":[{"href":"https:\/\/www.actualidadadiario.com\/index.php\/wp-json\/wp\/v2\/types\/post"}],"author":[{"embeddable":true,"href":"https:\/\/www.actualidadadiario.com\/index.php\/wp-json\/wp\/v2\/users\/3"}],"replies":[{"embeddable":true,"href":"https:\/\/www.actualidadadiario.com\/index.php\/wp-json\/wp\/v2\/comments?post=104805"}],"version-history":[{"count":1,"href":"https:\/\/www.actualidadadiario.com\/index.php\/wp-json\/wp\/v2\/posts\/104805\/revisions"}],"predecessor-version":[{"id":104807,"href":"https:\/\/www.actualidadadiario.com\/index.php\/wp-json\/wp\/v2\/posts\/104805\/revisions\/104807"}],"wp:featuredmedia":[{"embeddable":true,"href":"https:\/\/www.actualidadadiario.com\/index.php\/wp-json\/wp\/v2\/media\/104806"}],"wp:attachment":[{"href":"https:\/\/www.actualidadadiario.com\/index.php\/wp-json\/wp\/v2\/media?parent=104805"}],"wp:term":[{"taxonomy":"category","embeddable":true,"href":"https:\/\/www.actualidadadiario.com\/index.php\/wp-json\/wp\/v2\/categories?post=104805"},{"taxonomy":"post_tag","embeddable":true,"href":"https:\/\/www.actualidadadiario.com\/index.php\/wp-json\/wp\/v2\/tags?post=104805"}],"curies":[{"name":"wp","href":"https:\/\/api.w.org\/{rel}","templated":true}]}}