{"id":104797,"date":"2023-07-14T14:58:44","date_gmt":"2023-07-14T17:58:44","guid":{"rendered":"https:\/\/www.actualidadadiario.com\/?p=104797"},"modified":"2023-07-14T14:58:44","modified_gmt":"2023-07-14T17:58:44","slug":"abren-un-nuevo-sorteo-procrear-ii-para-mas-de-1-600-viviendas","status":"publish","type":"post","link":"https:\/\/www.actualidadadiario.com\/index.php\/2023\/07\/14\/abren-un-nuevo-sorteo-procrear-ii-para-mas-de-1-600-viviendas\/","title":{"rendered":"Abren un nuevo sorteo Procrear II para m\u00e1s de 1.600 viviendas"},"content":{"rendered":"<p style=\"text-align: center;\"><em><strong>Las viviendas en el marco del nuevo sorteo Procrear est\u00e1n ubicados en las provincias de Buenos Aires, Chubut, C\u00f3rdoba, Santa Cruz, San Juan y Santa Fe<\/strong><\/em><\/p>\n<p>&nbsp;<\/p>\n<p>&nbsp;<\/p>\n<p>El Ministerio de Desarrollo Territorial y H\u00e1bitat que conduce Santiago Maggiotti anunci\u00f3 que el pr\u00f3ximo martes 18 de julio a las 15 horas se abrir\u00e1 la inscripci\u00f3n para acceder a m\u00e1s de 1600 viviendas en doce nuevos Desarrollos Urban\u00edsticos de Procrear II, que fueron construidos \u00edntegramente durante esta gesti\u00f3n. Adem\u00e1s, se ponen a disposici\u00f3n m\u00e1s viviendas en otros 34 predios que ya est\u00e1n habitados.<\/p>\n<p>&nbsp;<\/p>\n<p><strong>\u00bfD\u00f3nde est\u00e1n las viviendas del nuevo sorteo Procrear II?<\/strong><\/p>\n<p>Estos nuevos predios estar\u00e1n disponibles para que las familias puedan anotarse. Se trata de los de Baradero, Jun\u00edn, Mercedes, Monte Hermoso, El Palomar, (Buenos Aires); Trelew (Chubut); Monte Ma\u00edz, Viamonte, Pascanas (C\u00f3rdoba); R\u00edo Gallegos (Santa Cruz); San Juan &#8211; La Ramada (San Juan); y Las Parejas (Santa Fe). Adem\u00e1s, vuelven a abrir los otros tres predios que tambi\u00e9n fueron edificados durante esta gesti\u00f3n: San Mart\u00edn II (Buenos Aires); Roque Saenz Pe\u00f1a (Chaco); y General Lagos (Santa Fe).<\/p>\n<p>Por otro lado, tambi\u00e9n estar\u00e1n disponibles a inscripci\u00f3n viviendas ubicadas en los Desarrollos Urban\u00edsticos Bah\u00eda Blanca, Bolivar, Carmen de Patagones, Ciudad Evita, Ituzaing\u00f3, Lincoln, Merlo, Mor\u00f3n, San Antonio de Areco, San Mart\u00edn, San Nicol\u00e1s (Buenos Aires); Estaci\u00f3n Buenos Aires y Estaci\u00f3n Saenz (CABA); Barrio Liceo, Cavanagh, San Francisco (C\u00f3rdoba); Paran\u00e1 (Entre R\u00edos), Jujuy (Jujuy); Maip\u00fa, Malarg\u00fce, Mendoza Capital, San Rafael (Mendoza); Posadas (Misiones); R\u00edo Gallegos (Santa Cruz); Huaico (Salta); Estaci\u00f3n Cambios, Sunchales (Santa Fe); La Banda, Santiago del Estero (Santiago del Estero); R\u00edo Grande (Tierra del Fuego).<\/p>\n<p>&nbsp;<\/p>\n<p><strong>Cu\u00e1les son los requisitos para anotarse en Procrear II<\/strong><\/p>\n<ul>\n<li>No haber resultado beneficiado con planes de vivienda en los \u00faltimos diez a\u00f1os.<\/li>\n<li>No tener, tanto el\/la titular, como el\/la cotitular, bienes inmuebles registrados a su nombre, ni como propietarios ni como copropietarios, al momento de iniciar el proceso de inscripci\u00f3n. Con excepci\u00f3n de los casos detallados en las Bases y Condiciones.<\/li>\n<li>Contar con el Documento Nacional de Identidad vigente (DNI o Libreta de Enrolamiento o Libreta C\u00edvica) de todos los integrantes de la solicitud al momento de iniciar el tr\u00e1mite.<\/li>\n<li>Ser argentinos\/as o extranjeros\/as con residencia permanente en el pa\u00eds.<\/li>\n<li>Tener entre 18 y 64 a\u00f1os al momento de completar la inscripci\u00f3n.<\/li>\n<li>Acreditar el estado civil declarado en el formulario de inscripci\u00f3n, excepto el estado civil soltero.<\/li>\n<li>Presentar Certificado de Discapacidad en caso de corresponder.<\/li>\n<li>Demostrar ingresos netos mensuales del grupo familiar conviviente \u2013tanto el\/la solicitante como su c\u00f3nyuge o pareja conviviente\u2013 entre 1 SMVyM (Salario M\u00ednimo, Vital y M\u00f3vil) y 10 SMVyM. Los ingresos m\u00ednimos necesarios para acceder a una determinada vivienda podr\u00e1n variar seg\u00fan el predio y la tipolog\u00eda seleccionada. De acuerdo a la informaci\u00f3n declarada en el formulario, se indicar\u00e1 si existen o no tipolog\u00edas disponibles.<\/li>\n<li>Demostrar, como m\u00ednimo, 12 meses de continuidad laboral registrada.<\/li>\n<li>No registrar antecedentes negativos en el Sistema Financiero durante los \u00faltimos 12 meses por falta de pago de obligaciones de todo tipo; no encontrarse inhabilitados por el BCRA o por orden judicial; no registrar juicios seg\u00fan informe de antecedentes comerciales en los \u00faltimos cinco a\u00f1os; no registrar embargos; y no registrar peticiones o declaraciones de concurso o quiebra.<\/li>\n<li>Los y las participantes, al momento de completar el formulario de inscripci\u00f3n, podr\u00e1n incluir solo un\/a cotitular. Para el caso de los y las participantes de estado civil casado\/a, el\/la c\u00f3nyuge, ser\u00e1 considerado cotitular autom\u00e1ticamente.<\/li>\n<li>El\/la titular y el\/la cotitular deber\u00e1n encontrarse unidos por alguno de los v\u00ednculos que se detallan a continuaci\u00f3n, los cuales deber\u00e1n encontrarse registrados: Matrimonio, Uni\u00f3n convivencial o Uni\u00f3n de hecho, siempre que coincidan los domicilios declarados por el\/la titular y cotitular.<\/li>\n<li>Todas las notificaciones ser\u00e1n realizadas a la direcci\u00f3n de correo electr\u00f3nico declarada por el participante en el formulario de inscripci\u00f3n.<\/li>\n<\/ul>\n<p>Sobre esta nueva apertura, el secretario de Desarrollo Territorial, Luciano Scatolini, afirm\u00f3: \u201cSeguimos fortaleciendo una pol\u00edtica p\u00fablica tan importante como Procrear, que en estos m\u00e1s de 10 a\u00f1os desde su creaci\u00f3n y desde su relanzamiento en agosto de 2020, le llev\u00f3 soluciones habitacionales a miles de familias en todo el pa\u00eds al mismo tiempo que permiti\u00f3 motorizar las econom\u00edas regionales, la industria vinculada a la construcci\u00f3n y la generaci\u00f3n de empleo genuino. Cuando el Estado interviene de esta forma se garantizan derechos y se planifica el futuro de manera inclusiva y socialmente justa\u201d.<\/p>\n<p>Por su parte, el ministro Santiago Maggiotti explic\u00f3: \u201cEste Ministerio se cre\u00f3 para que la construcci\u00f3n de viviendas y su acceso igualitario sea una pol\u00edtica impulsada por el Estado\u201d, y agreg\u00f3: \u201cGran parte de las casas que se ponen a disposici\u00f3n ahora, fueron edificadas por esta gesti\u00f3n, dando cuenta del trabajo que se viene realizando desde hace m\u00e1s de 3 a\u00f1os junto a gobiernos locales y provinciales, impulsando las econom\u00edas locales y adem\u00e1s, generando empleo en la construcci\u00f3n\u201d.<\/p>\n<p>La l\u00ednea Desarrollos Urban\u00edsticos de Procrear II, brinda a las familias el acceso a cr\u00e9dito hipotecario para la compra de viviendas nuevas en uno de los predios donde el Estado Nacional lleva adelante estos Desarrollos Urban\u00edsticos.<\/p>\n<p>&nbsp;<\/p>\n","protected":false},"excerpt":{"rendered":"<p>Las viviendas en el marco del nuevo sorteo Procrear est\u00e1n ubicados en las provincias de Buenos Aires, Chubut, C\u00f3rdoba, Santa Cruz, San Juan y Santa Fe &nbsp; &nbsp; El Ministerio de Desarrollo Territorial y H\u00e1bitat que conduce Santiago Maggiotti anunci\u00f3 que el pr\u00f3ximo martes 18 de julio a las 15 horas se abrir\u00e1 la inscripci\u00f3n para acceder a m\u00e1s de 1600 viviendas en doce nuevos Desarrollos Urban\u00edsticos de Procrear II, que fueron construidos \u00edntegramente durante esta gesti\u00f3n. Adem\u00e1s, se ponen a disposici\u00f3n m\u00e1s viviendas en otros 34 predios que ya&#8230;<\/p>\n","protected":false},"author":3,"featured_media":101151,"comment_status":"closed","ping_status":"closed","sticky":false,"template":"","format":"standard","meta":[],"categories":[2],"tags":[],"_links":{"self":[{"href":"https:\/\/www.actualidadadiario.com\/index.php\/wp-json\/wp\/v2\/posts\/104797"}],"collection":[{"href":"https:\/\/www.actualidadadiario.com\/index.php\/wp-json\/wp\/v2\/posts"}],"about":[{"href":"https:\/\/www.actualidadadiario.com\/index.php\/wp-json\/wp\/v2\/types\/post"}],"author":[{"embeddable":true,"href":"https:\/\/www.actualidadadiario.com\/index.php\/wp-json\/wp\/v2\/users\/3"}],"replies":[{"embeddable":true,"href":"https:\/\/www.actualidadadiario.com\/index.php\/wp-json\/wp\/v2\/comments?post=104797"}],"version-history":[{"count":1,"href":"https:\/\/www.actualidadadiario.com\/index.php\/wp-json\/wp\/v2\/posts\/104797\/revisions"}],"predecessor-version":[{"id":104798,"href":"https:\/\/www.actualidadadiario.com\/index.php\/wp-json\/wp\/v2\/posts\/104797\/revisions\/104798"}],"wp:featuredmedia":[{"embeddable":true,"href":"https:\/\/www.actualidadadiario.com\/index.php\/wp-json\/wp\/v2\/media\/101151"}],"wp:attachment":[{"href":"https:\/\/www.actualidadadiario.com\/index.php\/wp-json\/wp\/v2\/media?parent=104797"}],"wp:term":[{"taxonomy":"category","embeddable":true,"href":"https:\/\/www.actualidadadiario.com\/index.php\/wp-json\/wp\/v2\/categories?post=104797"},{"taxonomy":"post_tag","embeddable":true,"href":"https:\/\/www.actualidadadiario.com\/index.php\/wp-json\/wp\/v2\/tags?post=104797"}],"curies":[{"name":"wp","href":"https:\/\/api.w.org\/{rel}","templated":true}]}}