{"id":104795,"date":"2023-07-14T14:57:46","date_gmt":"2023-07-14T17:57:46","guid":{"rendered":"https:\/\/www.actualidadadiario.com\/?p=104795"},"modified":"2023-07-14T14:57:46","modified_gmt":"2023-07-14T17:57:46","slug":"empezo-la-inscripcion-a-las-becas-progresar-2023","status":"publish","type":"post","link":"https:\/\/www.actualidadadiario.com\/index.php\/2023\/07\/14\/empezo-la-inscripcion-a-las-becas-progresar-2023\/","title":{"rendered":"Empez\u00f3 la inscripci\u00f3n a las Becas Progresar 2023"},"content":{"rendered":"<p style=\"text-align: center;\"><em><strong>Abri\u00f3 la inscripci\u00f3n a la segunda convocatoria de Becas Progresar 2023. Consult\u00e1 si pod\u00e9s anotarte para cobrar $20.000 en Anses<\/strong><\/em><\/p>\n<p>&nbsp;<\/p>\n<p>&nbsp;<\/p>\n<p>&nbsp;<\/p>\n<p>El Ministerio de Educaci\u00f3n habilit\u00f3 este viernes la inscripci\u00f3n a las Becas Progresar 2023 para estudiantes de todos los niveles que quieran finalizar sus estudios.<\/p>\n<p>El programa de apoyo se acredita todos los meses a trav\u00e9s de la Administraci\u00f3n Nacional de la Seguridad Social (Anses) y, a partir de agosto, habr\u00e1 casi un 50% de aumento en los montos.<\/p>\n<p>En paralelo, otros programas tambi\u00e9n tendr\u00e1n aumento el pr\u00f3ximo mes, como el Potenciar Trabajo del Ministerio de Desarrollo Social y el Programa Acompa\u00f1ar del Ministerio de las Mujeres, G\u00e9neros y Diversidad.<\/p>\n<p>&nbsp;<\/p>\n<p><strong>Anses Becas Progresar<\/strong><\/p>\n<p>Las l\u00edneas de Becas Progresar de la cartera de Educaci\u00f3n, que se pagan a trav\u00e9s de Anses, son:<\/p>\n<ul>\n<li><strong>Progresar Trabajo:<\/strong> para personas que hagan cursos de formaci\u00f3n profesional.<\/li>\n<li><strong>Progresar 16 y 17 a\u00f1os o Progresar Obligatorio:<\/strong> para estudiantes del nivel primario o secundario.<\/li>\n<li><strong>Progresar Superior:<\/strong> para estudiantes del nivel terciario o universitario.<\/li>\n<li><strong>Progresar Enfermer\u00eda:<\/strong> para personas que cursen la carrera de enfermer\u00eda en el nivel terciario o universitario.<\/li>\n<\/ul>\n<p>Est\u00e1n abiertas las inscripciones a todas las l\u00edneas desde el 14 de julio hasta el 31 de agosto. Progresar Trabajo seguir\u00e1 con su formulario habilitado hasta noviembre inclusive.<\/p>\n<p>&nbsp;<\/p>\n<p><strong>Aumento de Becas Progresar<\/strong><\/p>\n<p>El ministerio de Econom\u00eda confirm\u00f3 un aumento de las\u00a0 Becas Progresar que beneficiar\u00e1 a cerca de 1.700.000 chicos que forman parte del programa.<\/p>\n<p>Con un incremento de casi el 50%, el monto pasar\u00e1 de $12.780 a $20.000 por mes a partir de agosto.<\/p>\n<p>&nbsp;<\/p>\n<p><strong>Becas Progresar requisitos<\/strong><\/p>\n<p><strong>Progresar Trabajo requisitos<\/strong><\/p>\n<ul>\n<li>Ser argentino nativo; naturalizado o extranjero, con residencia legal de dos a\u00f1os en el pa\u00eds y contar con DNI.<\/li>\n<li>Tener entre 18 y 24 a\u00f1os cumplidos.<\/li>\n<li>Se extiende hasta 35 a\u00f1os de edad a las personas con hijas\/os menores de 18 a\u00f1os pertenecientes a hogares monoparentales y hasta 40 a\u00f1os para personas que no poseen trabajo formal registrado.<\/li>\n<li>Sin l\u00edmite de edad para personas trans, de pueblos ind\u00edgenas, con discapacidad o refugiadas.<\/li>\n<li>La suma de los ingresos de la\/el joven no debe ser superior a tres (3) Salarios M\u00ednimos, Vitales y M\u00f3viles (SMVM).<\/li>\n<\/ul>\n<p>&nbsp;<\/p>\n<p><strong>Progresar 16 y 17 a\u00f1os <\/strong><\/p>\n<p>En el caso de Progresar Obligatorio, el requisito de edad se extiende y pueden acceder personas desde los 16 a 24 a\u00f1os.<\/p>\n<p>Para conocer los requisitos de otras l\u00edneas, ingres\u00e1 a: https:\/\/www.argentina.gob.ar\/educacion\/progresar\/requisitos<\/p>\n<p>&nbsp;<\/p>\n<p><strong>La inscripci\u00f3n a las Becas Progresar se puede realizar de la siguiente manera:<\/strong><\/p>\n<p>Ingres\u00e1 a https:\/\/becasprogresar.educacion.gob.ar\/.<\/p>\n<p>Entr\u00e1 a la plataforma con usuario y contrase\u00f1a, o gener\u00e1 un usuario en caso de no tener.<\/p>\n<p>Seleccion\u00e1 la l\u00ednea de beca a la que quieras acceder.<\/p>\n<p>Complet\u00e1 el formulario de inscripci\u00f3n con tus datos personales.<\/p>\n","protected":false},"excerpt":{"rendered":"<p>Abri\u00f3 la inscripci\u00f3n a la segunda convocatoria de Becas Progresar 2023. Consult\u00e1 si pod\u00e9s anotarte para cobrar $20.000 en Anses &nbsp; &nbsp; &nbsp; El Ministerio de Educaci\u00f3n habilit\u00f3 este viernes la inscripci\u00f3n a las Becas Progresar 2023 para estudiantes de todos los niveles que quieran finalizar sus estudios. El programa de apoyo se acredita todos los meses a trav\u00e9s de la Administraci\u00f3n Nacional de la Seguridad Social (Anses) y, a partir de agosto, habr\u00e1 casi un 50% de aumento en los montos. En paralelo, otros programas tambi\u00e9n tendr\u00e1n aumento el&#8230;<\/p>\n","protected":false},"author":3,"featured_media":90268,"comment_status":"closed","ping_status":"closed","sticky":false,"template":"","format":"standard","meta":[],"categories":[2],"tags":[],"_links":{"self":[{"href":"https:\/\/www.actualidadadiario.com\/index.php\/wp-json\/wp\/v2\/posts\/104795"}],"collection":[{"href":"https:\/\/www.actualidadadiario.com\/index.php\/wp-json\/wp\/v2\/posts"}],"about":[{"href":"https:\/\/www.actualidadadiario.com\/index.php\/wp-json\/wp\/v2\/types\/post"}],"author":[{"embeddable":true,"href":"https:\/\/www.actualidadadiario.com\/index.php\/wp-json\/wp\/v2\/users\/3"}],"replies":[{"embeddable":true,"href":"https:\/\/www.actualidadadiario.com\/index.php\/wp-json\/wp\/v2\/comments?post=104795"}],"version-history":[{"count":1,"href":"https:\/\/www.actualidadadiario.com\/index.php\/wp-json\/wp\/v2\/posts\/104795\/revisions"}],"predecessor-version":[{"id":104796,"href":"https:\/\/www.actualidadadiario.com\/index.php\/wp-json\/wp\/v2\/posts\/104795\/revisions\/104796"}],"wp:featuredmedia":[{"embeddable":true,"href":"https:\/\/www.actualidadadiario.com\/index.php\/wp-json\/wp\/v2\/media\/90268"}],"wp:attachment":[{"href":"https:\/\/www.actualidadadiario.com\/index.php\/wp-json\/wp\/v2\/media?parent=104795"}],"wp:term":[{"taxonomy":"category","embeddable":true,"href":"https:\/\/www.actualidadadiario.com\/index.php\/wp-json\/wp\/v2\/categories?post=104795"},{"taxonomy":"post_tag","embeddable":true,"href":"https:\/\/www.actualidadadiario.com\/index.php\/wp-json\/wp\/v2\/tags?post=104795"}],"curies":[{"name":"wp","href":"https:\/\/api.w.org\/{rel}","templated":true}]}}