{"id":104785,"date":"2023-07-14T15:32:44","date_gmt":"2023-07-14T18:32:44","guid":{"rendered":"https:\/\/www.actualidadadiario.com\/?p=104785"},"modified":"2023-07-14T15:32:11","modified_gmt":"2023-07-14T18:32:11","slug":"alberto-fernandez-intervino-el-pj-de-jujuy","status":"publish","type":"post","link":"https:\/\/www.actualidadadiario.com\/index.php\/2023\/07\/14\/alberto-fernandez-intervino-el-pj-de-jujuy\/","title":{"rendered":"Alberto Fern\u00e1ndez intervino el PJ de Jujuy"},"content":{"rendered":"<p style=\"text-align: center;\"><em><strong>As\u00ed lo confirm\u00f3 la Portavoz de Presidencia, Gabriela Cerruti. &#8220;Para ponerlo en la misma l\u00ednea del peronismo en todo el pa\u00eds&#8221;, argument\u00f3<\/strong><\/em><\/p>\n<p>&nbsp;<\/p>\n<p>&nbsp;<\/p>\n<p>El presidente del Partido Justicialista (PJ) a nivel nacional, Alberto Fern\u00e1ndez, orden\u00f3 la intervenci\u00f3n del Partido Justicialista de Jujuy para &#8220;ponerlo en la misma l\u00ednea del peronismo en todo el pa\u00eds de una clara oposici\u00f3n al gobierno y las pol\u00edticas represivas de Gerardo Morales&#8221;.<\/p>\n<p>As\u00ed lo confirm\u00f3 la Portavoz de Presidencia, Gabriela Cerruti, quien public\u00f3 el documento firmado por el presidente del Partido Justicialista a trav\u00e9s de sus redes sociales.<\/p>\n<p>En el texto, Alberto Fern\u00e1ndez expresa &#8220;su preocupaci\u00f3n ante el avasallamiento de los derechos humanos cometido por el Gobierno de Jujuy y su decisi\u00f3n de sancionar una Constituci\u00f3n provincial que viola derechos y garant\u00edas consagradas por la Carta Magna, como el derecho a huelga o a protestar&#8221;.<\/p>\n<p>&nbsp;<\/p>\n<p><strong>Qu\u00e9 dice el documento que ordena intervenir el Partido Justicialista de Jujuy<\/strong><\/p>\n<p>&#8220;Como es de p\u00fablico conocimiento un grupo de legisladores del Partido Oficialista del Distrito Jujuy, amparados por las autoridades del Partido Distrital, votaron favorablemente a la introducci\u00f3n de modificaciones en la Constituci\u00f3n Provincial avasallando y restringiendo derechos fundamentales consagrados por nuestra Carta Magna&#8221;, reza la carta publicada por Alberto Fern\u00e1ndez.<\/p>\n<p>En este marco, el Presidente explica que &#8220;de acuerdo a lo establecido por el art\u00edculo 10 de la carta org\u00e1nica partidaria todos los afiliados -m\u00e1s a\u00fan las autoridades partidarias- est\u00e1n obligados a observar los principios y bases de acci\u00f3n pol\u00edtica aprobados por el Partido&#8221;.<\/p>\n<p>Por ello es que, a partir del d\u00eda de la fecha, design\u00f3 como interventores del Partido Justicialista de Jujuy a Gustavo Adolfo Men\u00e9ndez y An\u00edbal Fern\u00e1ndez, quienes &#8220;ejercer\u00e1n de manera conjunta todas las facultades inherentes a todos los \u00f3rganos partidarios a efectos de realizar todos los actos necesarios para normalizar el Partido Justicialista Distrito Jujuy por el t\u00e9rmino de 360 d\u00edas&#8221;.<\/p>\n<p>&nbsp;<\/p>\n<p><strong>Rossi afirm\u00f3 que el Gobierno &#8220;repudia absolutamente represi\u00f3n y penalizaci\u00f3n protesta social&#8221;<\/strong><\/p>\n<p>El jefe de Gabinete y precandidato a vicepresidente por Uni\u00f3n Por la Patria (UxP), Agust\u00edn Rossi, reiter\u00f3 hoy que el Gobierno nacional &#8220;repudia absolutamente la represi\u00f3n en Jujuy&#8221;, provincia en la que se registran m\u00faltiples protestas hace semanas contra la reforma constitucional impulsada por el gobernador Gerardo Morales.<\/p>\n<p>&#8220;El Gobierno ha repudiado absolutamente la represi\u00f3n, condenamos ese camino de violencia institucional y la estigmatizaci\u00f3n y la penalizaci\u00f3n de la protesta social&#8221;, dijo Rossi a los periodistas en la Casa Rosada.<\/p>\n<p>Al respecto, asegur\u00f3 que &#8220;se sigue atentamente todos los acontecimientos de lo que est\u00e1 sucediendo en Jujuy, con much\u00edsima preocupaci\u00f3n, y deseamos que se encuentre un camino de di\u00e1logo, que no parece que sea la actitud que est\u00e1 llevando adelante el gobernador de la provincia&#8221;.<\/p>\n<p>Rossi encabez\u00f3 esta ma\u00f1ana junto a la secretaria de Innovaci\u00f3n P\u00fablica, Micaela S\u00e1nchez Malcolm, la apertura de la segunda jornada de Innovar, un encuentro internacional para fomentar la cooperaci\u00f3n regional en materia de transformaci\u00f3n digital, que se realiza en el Sal\u00f3n Pueblos Originarios de Casa de Gobierno.<\/p>\n","protected":false},"excerpt":{"rendered":"<p>As\u00ed lo confirm\u00f3 la Portavoz de Presidencia, Gabriela Cerruti. &#8220;Para ponerlo en la misma l\u00ednea del peronismo en todo el pa\u00eds&#8221;, argument\u00f3 &nbsp; &nbsp; El presidente del Partido Justicialista (PJ) a nivel nacional, Alberto Fern\u00e1ndez, orden\u00f3 la intervenci\u00f3n del Partido Justicialista de Jujuy para &#8220;ponerlo en la misma l\u00ednea del peronismo en todo el pa\u00eds de una clara oposici\u00f3n al gobierno y las pol\u00edticas represivas de Gerardo Morales&#8221;. As\u00ed lo confirm\u00f3 la Portavoz de Presidencia, Gabriela Cerruti, quien public\u00f3 el documento firmado por el presidente del Partido Justicialista a trav\u00e9s&#8230;<\/p>\n","protected":false},"author":3,"featured_media":104786,"comment_status":"closed","ping_status":"closed","sticky":false,"template":"","format":"standard","meta":[],"categories":[18],"tags":[],"_links":{"self":[{"href":"https:\/\/www.actualidadadiario.com\/index.php\/wp-json\/wp\/v2\/posts\/104785"}],"collection":[{"href":"https:\/\/www.actualidadadiario.com\/index.php\/wp-json\/wp\/v2\/posts"}],"about":[{"href":"https:\/\/www.actualidadadiario.com\/index.php\/wp-json\/wp\/v2\/types\/post"}],"author":[{"embeddable":true,"href":"https:\/\/www.actualidadadiario.com\/index.php\/wp-json\/wp\/v2\/users\/3"}],"replies":[{"embeddable":true,"href":"https:\/\/www.actualidadadiario.com\/index.php\/wp-json\/wp\/v2\/comments?post=104785"}],"version-history":[{"count":1,"href":"https:\/\/www.actualidadadiario.com\/index.php\/wp-json\/wp\/v2\/posts\/104785\/revisions"}],"predecessor-version":[{"id":104787,"href":"https:\/\/www.actualidadadiario.com\/index.php\/wp-json\/wp\/v2\/posts\/104785\/revisions\/104787"}],"wp:featuredmedia":[{"embeddable":true,"href":"https:\/\/www.actualidadadiario.com\/index.php\/wp-json\/wp\/v2\/media\/104786"}],"wp:attachment":[{"href":"https:\/\/www.actualidadadiario.com\/index.php\/wp-json\/wp\/v2\/media?parent=104785"}],"wp:term":[{"taxonomy":"category","embeddable":true,"href":"https:\/\/www.actualidadadiario.com\/index.php\/wp-json\/wp\/v2\/categories?post=104785"},{"taxonomy":"post_tag","embeddable":true,"href":"https:\/\/www.actualidadadiario.com\/index.php\/wp-json\/wp\/v2\/tags?post=104785"}],"curies":[{"name":"wp","href":"https:\/\/api.w.org\/{rel}","templated":true}]}}