{"id":104777,"date":"2023-07-14T13:05:20","date_gmt":"2023-07-14T16:05:20","guid":{"rendered":"https:\/\/www.actualidadadiario.com\/?p=104777"},"modified":"2023-07-14T13:05:20","modified_gmt":"2023-07-14T16:05:20","slug":"para-la-semana-que-viene-se-preven-heladas-en-entre-rios","status":"publish","type":"post","link":"https:\/\/www.actualidadadiario.com\/index.php\/2023\/07\/14\/para-la-semana-que-viene-se-preven-heladas-en-entre-rios\/","title":{"rendered":"Para la semana que viene se prev\u00e9n heladas en Entre R\u00edos"},"content":{"rendered":"<p style=\"text-align: center;\"><em><strong>El Servicio Meteorol\u00f3gico Nacional (SMN) inform\u00f3 que el cielo en Entre R\u00edos estar\u00e1 parcialmente nublado por la madrugada y la temperatura rondar\u00e1 entre 6\u00b0 de m\u00ednima y los 12\u00b0 de m\u00e1xima. Persiste el ingreso de aire fr\u00edo y seco que genera un fuerte descenso t\u00e9rmico con heladas fuertes a muy fuertes<\/strong><\/em><\/p>\n<p>&nbsp;<\/p>\n<p>&nbsp;<\/p>\n<p>En tanto, el pron\u00f3stico extendido se\u00f1ala el ingreso de aire muy fr\u00edo desde el sur genera a su paso condiciones de tiempo m\u00e1s estable y con menor cobertura nubosa.<\/p>\n<p>El descenso de los registros t\u00e9rmicos mostrar\u00e1 una marcada tendencia al registro de heladas de variada intensidad, con sectores que se presentar\u00e1n con temperaturas muy inferiores a los par\u00e1metros normales, seg\u00fan los \u00faltimos registros del SMN publicados por Uno.<\/p>\n<p>Para el s\u00e1bado y el domingo se esperan m\u00ednimas de 6\u00b0 y m\u00e1xima de 17\u00b0; mientras que para la semana que viene los valores bajar\u00e1n un poco m\u00e1s: la m\u00ednima se ubicar\u00e1 entre los 2\u00b0 y 4\u00b0 y la m\u00e1xima se ubicar\u00e1 en 14\u00b0.<\/p>\n<p>&nbsp;<\/p>\n<p><strong>Pron\u00f3stico para este viernes<\/strong><\/p>\n<p>De acuerdo al parte Servicio Meteorol\u00f3gico Nacional, el clima se presentar\u00eda sin lluvias y los vientos del noreste correr\u00e1n a una velocidad de entre 7 y 12 kil\u00f3metros por hora. La humedad ser\u00eda del 65%.<\/p>\n<p>Por la ma\u00f1ana, el cielo estar\u00e1 parcialmente nublado, con vientos del noreste entre 7 y 12 kil\u00f3metros y la visibilidad ser\u00eda buena. La probabilidad de lluvia estar\u00eda en el orden del 0% para esta franja del d\u00eda.<\/p>\n<p>El parte del servicio meteorol\u00f3gico prev\u00e9 que para despu\u00e9s del mediod\u00eda el cielo estar\u00e1 algo nublado y los vientos del sector norte tendr\u00e1n velocidades estimadas entre 13 y 22km\/h. La temperatura pronosticada ser\u00eda de 16%.<\/p>\n<p>A la noche, el clima rondar\u00e1 los 12%, mientras que los vientos ser\u00e1n del noreste a una velocidad de 13 y 22 kil\u00f3metros por hora. No se esperan lluvias para esta franja del d\u00eda.<\/p>\n","protected":false},"excerpt":{"rendered":"<p>El Servicio Meteorol\u00f3gico Nacional (SMN) inform\u00f3 que el cielo en Entre R\u00edos estar\u00e1 parcialmente nublado por la madrugada y la temperatura rondar\u00e1 entre 6\u00b0 de m\u00ednima y los 12\u00b0 de m\u00e1xima. Persiste el ingreso de aire fr\u00edo y seco que genera un fuerte descenso t\u00e9rmico con heladas fuertes a muy fuertes &nbsp; &nbsp; En tanto, el pron\u00f3stico extendido se\u00f1ala el ingreso de aire muy fr\u00edo desde el sur genera a su paso condiciones de tiempo m\u00e1s estable y con menor cobertura nubosa. El descenso de los registros t\u00e9rmicos mostrar\u00e1 una&#8230;<\/p>\n","protected":false},"author":3,"featured_media":104778,"comment_status":"closed","ping_status":"closed","sticky":false,"template":"","format":"standard","meta":[],"categories":[15],"tags":[],"_links":{"self":[{"href":"https:\/\/www.actualidadadiario.com\/index.php\/wp-json\/wp\/v2\/posts\/104777"}],"collection":[{"href":"https:\/\/www.actualidadadiario.com\/index.php\/wp-json\/wp\/v2\/posts"}],"about":[{"href":"https:\/\/www.actualidadadiario.com\/index.php\/wp-json\/wp\/v2\/types\/post"}],"author":[{"embeddable":true,"href":"https:\/\/www.actualidadadiario.com\/index.php\/wp-json\/wp\/v2\/users\/3"}],"replies":[{"embeddable":true,"href":"https:\/\/www.actualidadadiario.com\/index.php\/wp-json\/wp\/v2\/comments?post=104777"}],"version-history":[{"count":1,"href":"https:\/\/www.actualidadadiario.com\/index.php\/wp-json\/wp\/v2\/posts\/104777\/revisions"}],"predecessor-version":[{"id":104779,"href":"https:\/\/www.actualidadadiario.com\/index.php\/wp-json\/wp\/v2\/posts\/104777\/revisions\/104779"}],"wp:featuredmedia":[{"embeddable":true,"href":"https:\/\/www.actualidadadiario.com\/index.php\/wp-json\/wp\/v2\/media\/104778"}],"wp:attachment":[{"href":"https:\/\/www.actualidadadiario.com\/index.php\/wp-json\/wp\/v2\/media?parent=104777"}],"wp:term":[{"taxonomy":"category","embeddable":true,"href":"https:\/\/www.actualidadadiario.com\/index.php\/wp-json\/wp\/v2\/categories?post=104777"},{"taxonomy":"post_tag","embeddable":true,"href":"https:\/\/www.actualidadadiario.com\/index.php\/wp-json\/wp\/v2\/tags?post=104777"}],"curies":[{"name":"wp","href":"https:\/\/api.w.org\/{rel}","templated":true}]}}