{"id":104774,"date":"2023-07-14T13:04:33","date_gmt":"2023-07-14T16:04:33","guid":{"rendered":"https:\/\/www.actualidadadiario.com\/?p=104774"},"modified":"2023-07-14T13:04:33","modified_gmt":"2023-07-14T16:04:33","slug":"bullrich-afirmo-que-la-negativa-a-pegar-con-galimberti-respondio-a-una-estrategia-para-ganar-la-provincia","status":"publish","type":"post","link":"https:\/\/www.actualidadadiario.com\/index.php\/2023\/07\/14\/bullrich-afirmo-que-la-negativa-a-pegar-con-galimberti-respondio-a-una-estrategia-para-ganar-la-provincia\/","title":{"rendered":"Bullrich afirm\u00f3 que la negativa a pegar con Galimberti respondi\u00f3 a una estrategia para ganar la provincia"},"content":{"rendered":"<p style=\"text-align: center;\"><em><strong>La precandidata a la presidencia de la Naci\u00f3n, Patricia Bullrich, justific\u00f3 la decisi\u00f3n de no darle el pegado en la boleta a la candidatura de Pedro Galimberti en la necesidad de Juntos por el Cambio de ganar la provincia con el candidato m\u00e1s competitivo: Rogelio Frigerio. Adem\u00e1s, tom\u00f3 distancia de la figura de Luc\u00eda Varisco, pero le dese\u00f3 mucha suerte en la elecci\u00f3n<\/strong><\/em><\/p>\n<p>&nbsp;<\/p>\n<p>&nbsp;<\/p>\n<p>\u201cEn Entre R\u00edos, tanto (Horacio Rodr\u00edguez) Larreta como yo, hemos considerado que el mejor proyecto es Rogelio Frigerio y Alicia (Aluani). Ac\u00e1 estamos todos juntos y apoyamos a nuestra lista. Esto pasa tambi\u00e9n en varias provincias\u201d, describi\u00f3.<\/p>\n<p>Sobre esta base justific\u00f3 tambi\u00e9n no darle el pegado de la boleta presidencial a la precandidatura de Galimberti. \u201cEn Entre R\u00edos, el conjunto de las fuerzas tiene que estar trabajando en quien es el mejor candidato y ser\u00e1 el mejor gobernador. En consecuencia, como fuerza pol\u00edtica lo elegimos a Rogelio hace mucho tiempo. Sabemos de su capacidad de transformar a una provincia que est\u00e1 en pausa\u201d.<\/p>\n<p>\u201cTenemos todo el respeto por Galimberti, pero nos hubiera gustado que se hubiera sumado\u201d, acot\u00f3. Entre R\u00edos es una provincia donde \u201chace mucho tiempo que est\u00e1 el mismo gobierno y es necesario ganar\u201d, a\u00f1adi\u00f3.<\/p>\n<p>Luego, subray\u00f3: \u201cQueremos ganar Santa Fe independientemente de qui\u00e9n se imponga el domingo, vamos a ganar Entre R\u00edos y Mendoza\u201d, detall\u00f3, sumando a la lista \u201cSan Luis y San Juan. Para nosotros, gobernar en muchas provincias que son el coraz\u00f3n productivo es muy importante\u201d.<\/p>\n<p>Respecto a las declaraciones de Luc\u00eda Varisco, quien asegur\u00f3 que al darle el pegado con Frigerio y Bullrich se hac\u00eda una reivindicaci\u00f3n pol\u00edtica de la figura de su padre Sergio, condenado por narcotr\u00e1fico antes de morir, afirm\u00f3: \u201cEs bienvenida en nuestra lista. Siento que no puedo comentar nada, porque la relaci\u00f3n de un padre con su hija es de intimidad\u201d.<\/p>\n<p>\u201cLo reconoce el C\u00f3digo Penal: los hijos no denuncian a los padres ni los padres a sus hijos.\u00a0 Sinceramente, espero que le vaya muy bien. Lamentablemente lo que sucedi\u00f3 es algo de la vida, una situaci\u00f3n que quiero dejar atr\u00e1s. Lo hicimos en su momento en el marco de una responsabilidad institucional. Entiendo su mirada, la comprendo profundamente\u201d, redonde\u00f3.<\/p>\n<p>\u201cCreo en la coalici\u00f3n de gobierno. Es mucho m\u00e1s profunda que una electoral. Ambas f\u00f3rmulas nacionales de Juntos por el Cambio que compiten tienen una combinaci\u00f3n de PRO y UCR. Eso no es una casualidad. Hemos entendido la importancia de tener un gobierno de coalici\u00f3n donde los partidos que conforman JxC tengamos un compromiso real en las pol\u00edticas de gobierno\u201d, se\u00f1al\u00f3.<\/p>\n<p>Adem\u00e1s, cuestion\u00f3 al precandidato oficialista, Sergio Massa, indicando que no existe \u201cpeor ajuste que el que est\u00e1 haciendo Massa. El pa\u00eds no crece desde el 2011. Hemos perdido una cantidad de recursos que, aumentando la poblaci\u00f3n y no creciendo, ha generado uno de los mayores ajustes de la historia argentina\u201d.<\/p>\n<p>\u201cAjuste, inflaci\u00f3n del 115% anual, el pa\u00eds no crece \u00bfDe qu\u00e9 ajuste habla Massa? \u00bfC\u00f3mo candidato habla del ajuste como presidente? Tiene que hablar de lo que est\u00e1 haciendo y no de lo que alguien va a hacer. Es como infantil \u00bfNo? Es ministro de Econom\u00eda, candidato a presidente y habla de lo que vamos a hacer nosotros. Habl\u00e1 de lo que est\u00e1s haciendo vos hoy\u201d, le reclam\u00f3.<\/p>\n<p>Luego, remarc\u00f3: \u201cEstamos ante un candidato que, al no poder hablar de lo que hace, habla de lo que pretendidamente har\u00edamos nosotros\u201d.<\/p>\n<p>&nbsp;<\/p>\n<p><strong>Tras las PASO<\/strong><\/p>\n<p>Bullrich mencion\u00f3 que con Rodr\u00edguez Larreta est\u00e1n en una competencia en el marco de las Primarias, Abiertas, Simult\u00e1neas y Obligatorias (PASO) para que la gente elija \u201cen el marco de JxC cu\u00e1l es el mejor proyecto\u201d<\/p>\n<p>\u201cA la competencia no hay que verla como pelea. Argentina ha tenido pocos casos en los que ha habido competencias importantes. Yo recuerdo dos (Carlos) Menen y (Antonio) Cafiero y (Fernando) De la R\u00faa y (Graciela) Fern\u00e1ndez Meijide. Esta es la tercera. Y estamos como sorprendidos frente al fen\u00f3meno de que tenemos hace muchos a\u00f1os una ley que nunca la hemos utilizado para una competencia en la que la gente tenga que decidir qu\u00e9 equipo y qu\u00e9 car\u00e1cter de presidenta o presidente tendr\u00e1. Y entonces parece que fuera una pelea. Pero hay condiciones. Si uno entra a jugar en el marco de JxC es porque acepta los resultados, sean a favor o en contra. No hay posibilidad de hacer otra cosa\u201d.<\/p>\n","protected":false},"excerpt":{"rendered":"<p>La precandidata a la presidencia de la Naci\u00f3n, Patricia Bullrich, justific\u00f3 la decisi\u00f3n de no darle el pegado en la boleta a la candidatura de Pedro Galimberti en la necesidad de Juntos por el Cambio de ganar la provincia con el candidato m\u00e1s competitivo: Rogelio Frigerio. Adem\u00e1s, tom\u00f3 distancia de la figura de Luc\u00eda Varisco, pero le dese\u00f3 mucha suerte en la elecci\u00f3n &nbsp; &nbsp; \u201cEn Entre R\u00edos, tanto (Horacio Rodr\u00edguez) Larreta como yo, hemos considerado que el mejor proyecto es Rogelio Frigerio y Alicia (Aluani). Ac\u00e1 estamos todos juntos&#8230;<\/p>\n","protected":false},"author":3,"featured_media":104775,"comment_status":"closed","ping_status":"closed","sticky":false,"template":"","format":"standard","meta":[],"categories":[15],"tags":[],"_links":{"self":[{"href":"https:\/\/www.actualidadadiario.com\/index.php\/wp-json\/wp\/v2\/posts\/104774"}],"collection":[{"href":"https:\/\/www.actualidadadiario.com\/index.php\/wp-json\/wp\/v2\/posts"}],"about":[{"href":"https:\/\/www.actualidadadiario.com\/index.php\/wp-json\/wp\/v2\/types\/post"}],"author":[{"embeddable":true,"href":"https:\/\/www.actualidadadiario.com\/index.php\/wp-json\/wp\/v2\/users\/3"}],"replies":[{"embeddable":true,"href":"https:\/\/www.actualidadadiario.com\/index.php\/wp-json\/wp\/v2\/comments?post=104774"}],"version-history":[{"count":1,"href":"https:\/\/www.actualidadadiario.com\/index.php\/wp-json\/wp\/v2\/posts\/104774\/revisions"}],"predecessor-version":[{"id":104776,"href":"https:\/\/www.actualidadadiario.com\/index.php\/wp-json\/wp\/v2\/posts\/104774\/revisions\/104776"}],"wp:featuredmedia":[{"embeddable":true,"href":"https:\/\/www.actualidadadiario.com\/index.php\/wp-json\/wp\/v2\/media\/104775"}],"wp:attachment":[{"href":"https:\/\/www.actualidadadiario.com\/index.php\/wp-json\/wp\/v2\/media?parent=104774"}],"wp:term":[{"taxonomy":"category","embeddable":true,"href":"https:\/\/www.actualidadadiario.com\/index.php\/wp-json\/wp\/v2\/categories?post=104774"},{"taxonomy":"post_tag","embeddable":true,"href":"https:\/\/www.actualidadadiario.com\/index.php\/wp-json\/wp\/v2\/tags?post=104774"}],"curies":[{"name":"wp","href":"https:\/\/api.w.org\/{rel}","templated":true}]}}