{"id":104769,"date":"2023-07-14T13:02:56","date_gmt":"2023-07-14T16:02:56","guid":{"rendered":"https:\/\/www.actualidadadiario.com\/?p=104769"},"modified":"2023-07-14T13:02:56","modified_gmt":"2023-07-14T16:02:56","slug":"bordet-combina-gestion-y-campana-y-no-descuida-ni-un-segundo-la-administracion-gubernamental","status":"publish","type":"post","link":"https:\/\/www.actualidadadiario.com\/index.php\/2023\/07\/14\/bordet-combina-gestion-y-campana-y-no-descuida-ni-un-segundo-la-administracion-gubernamental\/","title":{"rendered":"Bordet combina gesti\u00f3n y campa\u00f1a, y no descuida \u201cni un segundo\u201d la administraci\u00f3n gubernamental"},"content":{"rendered":"<p style=\"text-align: center;\"><em><strong>El gobernador Gustavo Bordet destac\u00f3 que la campa\u00f1a electoral no afecta la gesti\u00f3n que est\u00e1 llevando a cabo en el Ejecutivo hace siete a\u00f1os y medio. \u201cM\u00e1s all\u00e1 de ser candidato, tengo la responsabilidad de trabajar todos los d\u00edas para cumplir con los objetivos que nos hemos trazado para Entre R\u00edos y eso estoy haciendo\u201d, dijo<\/strong><\/em><\/p>\n<p>&nbsp;<\/p>\n<p>&nbsp;<\/p>\n<p>En el marco de un acto en el que entreg\u00f3 ambulancias a diferentes ciudades, el gobernador Gustavo Bordet fue consultado por el proceso electoral que se avecina y, en tal sentido, esta Agencia le pregunt\u00f3 c\u00f3mo combina su funci\u00f3n de mandatario con su rol como precandidato a diputado nacional: \u201cComo siempre lo hice, trabajando. Soy candidato a diputado nacional y tranquilamente `puedo ejercer mis funciones ejecutivas al frente de la provincia y lo seguir\u00e9 haciendo\u201d, respondi\u00f3.<\/p>\n<p>\u201cM\u00e1s all\u00e1 de ser candidato, tengo la responsabilidad de trabajar todos los d\u00edas para cumplir con los objetivos que nos hemos trazado para Entre R\u00edos y para que podamos seguir\u00a0 atendiendo las demandas y los requerimientos que la poblaci\u00f3n tiene\u201d, afirm\u00f3 y sostuvo que a eso \u201cno puedo descuidarlo ni un segundo\u201d.<\/p>\n","protected":false},"excerpt":{"rendered":"<p>El gobernador Gustavo Bordet destac\u00f3 que la campa\u00f1a electoral no afecta la gesti\u00f3n que est\u00e1 llevando a cabo en el Ejecutivo hace siete a\u00f1os y medio. \u201cM\u00e1s all\u00e1 de ser candidato, tengo la responsabilidad de trabajar todos los d\u00edas para cumplir con los objetivos que nos hemos trazado para Entre R\u00edos y eso estoy haciendo\u201d, dijo &nbsp; &nbsp; En el marco de un acto en el que entreg\u00f3 ambulancias a diferentes ciudades, el gobernador Gustavo Bordet fue consultado por el proceso electoral que se avecina y, en tal sentido, esta&#8230;<\/p>\n","protected":false},"author":3,"featured_media":104387,"comment_status":"closed","ping_status":"closed","sticky":false,"template":"","format":"standard","meta":[],"categories":[15],"tags":[],"_links":{"self":[{"href":"https:\/\/www.actualidadadiario.com\/index.php\/wp-json\/wp\/v2\/posts\/104769"}],"collection":[{"href":"https:\/\/www.actualidadadiario.com\/index.php\/wp-json\/wp\/v2\/posts"}],"about":[{"href":"https:\/\/www.actualidadadiario.com\/index.php\/wp-json\/wp\/v2\/types\/post"}],"author":[{"embeddable":true,"href":"https:\/\/www.actualidadadiario.com\/index.php\/wp-json\/wp\/v2\/users\/3"}],"replies":[{"embeddable":true,"href":"https:\/\/www.actualidadadiario.com\/index.php\/wp-json\/wp\/v2\/comments?post=104769"}],"version-history":[{"count":1,"href":"https:\/\/www.actualidadadiario.com\/index.php\/wp-json\/wp\/v2\/posts\/104769\/revisions"}],"predecessor-version":[{"id":104770,"href":"https:\/\/www.actualidadadiario.com\/index.php\/wp-json\/wp\/v2\/posts\/104769\/revisions\/104770"}],"wp:featuredmedia":[{"embeddable":true,"href":"https:\/\/www.actualidadadiario.com\/index.php\/wp-json\/wp\/v2\/media\/104387"}],"wp:attachment":[{"href":"https:\/\/www.actualidadadiario.com\/index.php\/wp-json\/wp\/v2\/media?parent=104769"}],"wp:term":[{"taxonomy":"category","embeddable":true,"href":"https:\/\/www.actualidadadiario.com\/index.php\/wp-json\/wp\/v2\/categories?post=104769"},{"taxonomy":"post_tag","embeddable":true,"href":"https:\/\/www.actualidadadiario.com\/index.php\/wp-json\/wp\/v2\/tags?post=104769"}],"curies":[{"name":"wp","href":"https:\/\/api.w.org\/{rel}","templated":true}]}}