{"id":104761,"date":"2023-07-14T12:59:29","date_gmt":"2023-07-14T15:59:29","guid":{"rendered":"https:\/\/www.actualidadadiario.com\/?p=104761"},"modified":"2023-07-14T12:59:29","modified_gmt":"2023-07-14T15:59:29","slug":"mas-de-28-000-jovenes-habilitados-a-votar-por-primera-vez-en-entre-rios-4","status":"publish","type":"post","link":"https:\/\/www.actualidadadiario.com\/index.php\/2023\/07\/14\/mas-de-28-000-jovenes-habilitados-a-votar-por-primera-vez-en-entre-rios-4\/","title":{"rendered":"M\u00e1s de 28.000 j\u00f3venes habilitados a votar por primera vez en Entre R\u00edos"},"content":{"rendered":"<p style=\"text-align: center;\"><em><strong>En Entre R\u00edos son 1.143.459 los electores habilitados, lo que representa el 3,2 por ciento del total del padr\u00f3n nacional. Habr\u00e1 3.434 mesas distribuidas en los establecimientos p\u00fablicos de la provincia donde se desarrollar\u00e1n los comicios<\/strong><\/em><\/p>\n<p>&nbsp;<\/p>\n<p>&nbsp;<\/p>\n<p>La C\u00e1mara Nacional Electoral (CNE) inform\u00f3 que son m\u00e1s de 35 millones los argentinos y argentinas habilitados a participar de las Primarias Abiertas, Simult\u00e1neas y Obligatorias (PASO) del pr\u00f3ximo 13 de agosto. El distrito Entre R\u00edos representa el 3,2 por ciento del total del padr\u00f3n. Desde el Tribunal Electoral de la provincia confirmaron que hay m\u00e1s de 28 mil j\u00f3venes de entre 16 y 18 a\u00f1os habilitados a votar por primera vez<\/p>\n<p>A poco m\u00e1s de un mes de las Primarias Abiertas, Simult\u00e1neas y Obligatorias del 13 de agosto, la C\u00e1mara Nacional Electoral inform\u00f3 que en Argentina hay 35.394.425 personas habilitadas para participar de los comicios.<\/p>\n<p>En Entre R\u00edos son 1.143.459 los electores habilitados, lo que representa el 3,2 por ciento del total del padr\u00f3n nacional.<\/p>\n<p>La provincia con m\u00e1s electores es Buenos Aires con 13.110.768; le siguen C\u00f3rdoba con 3.065.088; Capital Federal con 2.533.092 y Santa Fe con 2.818.280.<\/p>\n<p>Adem\u00e1s, la CNE inform\u00f3 que habr\u00e1 3.434 mesas distribuidas en los establecimientos p\u00fablicos de la provincia en donde se desarrollar\u00e1n los comicios.<\/p>\n<p>El secretario General del Tribunal Electoral de la provincia, Lisandro Minigutti, inform\u00f3 que en Entre R\u00edos hay 52.176 electores de entre 16 y 18 a\u00f1os habilitados a participar de las elecciones de este a\u00f1o; de los cuales se incorporan por primera vez al padr\u00f3n 28.836, precis\u00f3.<\/p>\n","protected":false},"excerpt":{"rendered":"<p>En Entre R\u00edos son 1.143.459 los electores habilitados, lo que representa el 3,2 por ciento del total del padr\u00f3n nacional. Habr\u00e1 3.434 mesas distribuidas en los establecimientos p\u00fablicos de la provincia donde se desarrollar\u00e1n los comicios &nbsp; &nbsp; La C\u00e1mara Nacional Electoral (CNE) inform\u00f3 que son m\u00e1s de 35 millones los argentinos y argentinas habilitados a participar de las Primarias Abiertas, Simult\u00e1neas y Obligatorias (PASO) del pr\u00f3ximo 13 de agosto. El distrito Entre R\u00edos representa el 3,2 por ciento del total del padr\u00f3n. Desde el Tribunal Electoral de la provincia&#8230;<\/p>\n","protected":false},"author":3,"featured_media":75179,"comment_status":"closed","ping_status":"closed","sticky":false,"template":"","format":"standard","meta":[],"categories":[9],"tags":[],"_links":{"self":[{"href":"https:\/\/www.actualidadadiario.com\/index.php\/wp-json\/wp\/v2\/posts\/104761"}],"collection":[{"href":"https:\/\/www.actualidadadiario.com\/index.php\/wp-json\/wp\/v2\/posts"}],"about":[{"href":"https:\/\/www.actualidadadiario.com\/index.php\/wp-json\/wp\/v2\/types\/post"}],"author":[{"embeddable":true,"href":"https:\/\/www.actualidadadiario.com\/index.php\/wp-json\/wp\/v2\/users\/3"}],"replies":[{"embeddable":true,"href":"https:\/\/www.actualidadadiario.com\/index.php\/wp-json\/wp\/v2\/comments?post=104761"}],"version-history":[{"count":1,"href":"https:\/\/www.actualidadadiario.com\/index.php\/wp-json\/wp\/v2\/posts\/104761\/revisions"}],"predecessor-version":[{"id":104762,"href":"https:\/\/www.actualidadadiario.com\/index.php\/wp-json\/wp\/v2\/posts\/104761\/revisions\/104762"}],"wp:featuredmedia":[{"embeddable":true,"href":"https:\/\/www.actualidadadiario.com\/index.php\/wp-json\/wp\/v2\/media\/75179"}],"wp:attachment":[{"href":"https:\/\/www.actualidadadiario.com\/index.php\/wp-json\/wp\/v2\/media?parent=104761"}],"wp:term":[{"taxonomy":"category","embeddable":true,"href":"https:\/\/www.actualidadadiario.com\/index.php\/wp-json\/wp\/v2\/categories?post=104761"},{"taxonomy":"post_tag","embeddable":true,"href":"https:\/\/www.actualidadadiario.com\/index.php\/wp-json\/wp\/v2\/tags?post=104761"}],"curies":[{"name":"wp","href":"https:\/\/api.w.org\/{rel}","templated":true}]}}