{"id":104758,"date":"2023-07-13T13:32:46","date_gmt":"2023-07-13T16:32:46","guid":{"rendered":"https:\/\/www.actualidadadiario.com\/?p=104758"},"modified":"2023-07-13T13:32:46","modified_gmt":"2023-07-13T16:32:46","slug":"messi-se-entrena-por-primera-vez-con-el-plantel-de-inter-miami","status":"publish","type":"post","link":"https:\/\/www.actualidadadiario.com\/index.php\/2023\/07\/13\/messi-se-entrena-por-primera-vez-con-el-plantel-de-inter-miami\/","title":{"rendered":"Messi se entrena por primera vez con el plantel de Inter Miami"},"content":{"rendered":"<p style=\"text-align: center;\"><em><strong>El astro lleg\u00f3 esta ma\u00f1ana al complejo de la franquicia de Florida anexo al estadio Drink Pink para ponerse bajo las \u00f3rdenes del entrenador Gerardo Martino y trabajar junto a sus nuevos compa\u00f1eros, seg\u00fan inform\u00f3 ESPN<\/strong><\/em><\/p>\n<p>&nbsp;<\/p>\n<p>&nbsp;<\/p>\n<p>Lionel Messi, capit\u00e1n del seleccionado argentino campe\u00f3n del mundo, se present\u00f3 este jueves en el centro de entrenamiento del Inter Miami para realizar su primera pr\u00e1ctica junto a su nuevo equipo.<\/p>\n<p>El astro lleg\u00f3 esta ma\u00f1ana al complejo de la franquicia de Florida anexo al estadio Drink Pink para ponerse bajo las \u00f3rdenes del entrenador Gerardo Martino y trabajar junto a sus nuevos compa\u00f1eros, seg\u00fan inform\u00f3 ESPN.<\/p>\n<p>El rosarino ser\u00e1 presentado el pr\u00f3ximo domingo con un gran evento en el estadio Drive Pink de Fort Lauderdale y su debut est\u00e1 previsto para el 21 de julio contra Cruz Azul, de M\u00e9xico, por la Leagues Cup. Tambi\u00e9n existe la posibilidad de una conferencia de prensa para el lunes y al d\u00eda siguiente una pr\u00e1ctica a puertas abiertas.<\/p>\n<p>Mientras tanto, el plantel jugar\u00e1 el s\u00e1bado contra St. Louis City, como visitante, en el partido que marcar\u00e1 el debut del &#8220;Tata&#8221; Martino y el \u00faltimo antes del receso al que entrar\u00e1 la MLS hasta el 20 de agosto. A los 36 a\u00f1os, Messi jugar\u00e1 los pr\u00f3ximos dos en Inter Miami, que actualmente est\u00e1 en la \u00faltima posici\u00f3n de la Conferencia Este.<\/p>\n","protected":false},"excerpt":{"rendered":"<p>El astro lleg\u00f3 esta ma\u00f1ana al complejo de la franquicia de Florida anexo al estadio Drink Pink para ponerse bajo las \u00f3rdenes del entrenador Gerardo Martino y trabajar junto a sus nuevos compa\u00f1eros, seg\u00fan inform\u00f3 ESPN &nbsp; &nbsp; Lionel Messi, capit\u00e1n del seleccionado argentino campe\u00f3n del mundo, se present\u00f3 este jueves en el centro de entrenamiento del Inter Miami para realizar su primera pr\u00e1ctica junto a su nuevo equipo. El astro lleg\u00f3 esta ma\u00f1ana al complejo de la franquicia de Florida anexo al estadio Drink Pink para ponerse bajo las&#8230;<\/p>\n","protected":false},"author":3,"featured_media":104759,"comment_status":"closed","ping_status":"closed","sticky":false,"template":"","format":"standard","meta":[],"categories":[4],"tags":[],"_links":{"self":[{"href":"https:\/\/www.actualidadadiario.com\/index.php\/wp-json\/wp\/v2\/posts\/104758"}],"collection":[{"href":"https:\/\/www.actualidadadiario.com\/index.php\/wp-json\/wp\/v2\/posts"}],"about":[{"href":"https:\/\/www.actualidadadiario.com\/index.php\/wp-json\/wp\/v2\/types\/post"}],"author":[{"embeddable":true,"href":"https:\/\/www.actualidadadiario.com\/index.php\/wp-json\/wp\/v2\/users\/3"}],"replies":[{"embeddable":true,"href":"https:\/\/www.actualidadadiario.com\/index.php\/wp-json\/wp\/v2\/comments?post=104758"}],"version-history":[{"count":1,"href":"https:\/\/www.actualidadadiario.com\/index.php\/wp-json\/wp\/v2\/posts\/104758\/revisions"}],"predecessor-version":[{"id":104760,"href":"https:\/\/www.actualidadadiario.com\/index.php\/wp-json\/wp\/v2\/posts\/104758\/revisions\/104760"}],"wp:featuredmedia":[{"embeddable":true,"href":"https:\/\/www.actualidadadiario.com\/index.php\/wp-json\/wp\/v2\/media\/104759"}],"wp:attachment":[{"href":"https:\/\/www.actualidadadiario.com\/index.php\/wp-json\/wp\/v2\/media?parent=104758"}],"wp:term":[{"taxonomy":"category","embeddable":true,"href":"https:\/\/www.actualidadadiario.com\/index.php\/wp-json\/wp\/v2\/categories?post=104758"},{"taxonomy":"post_tag","embeddable":true,"href":"https:\/\/www.actualidadadiario.com\/index.php\/wp-json\/wp\/v2\/tags?post=104758"}],"curies":[{"name":"wp","href":"https:\/\/api.w.org\/{rel}","templated":true}]}}