{"id":104746,"date":"2023-07-13T13:17:05","date_gmt":"2023-07-13T16:17:05","guid":{"rendered":"https:\/\/www.actualidadadiario.com\/?p=104746"},"modified":"2023-07-13T13:17:05","modified_gmt":"2023-07-13T16:17:05","slug":"cop28-paises-buscan-aumentar-sus-objetivos-climaticos","status":"publish","type":"post","link":"https:\/\/www.actualidadadiario.com\/index.php\/2023\/07\/13\/cop28-paises-buscan-aumentar-sus-objetivos-climaticos\/","title":{"rendered":"COP28: pa\u00edses buscan aumentar sus objetivos clim\u00e1ticos"},"content":{"rendered":"<p style=\"text-align: center;\"><em><strong>El evento es la primera evaluaci\u00f3n mundial de los progresos realizados desde el hist\u00f3rico Acuerdo de Par\u00eds de 2015 para limitar el calentamiento global<\/strong><\/em><\/p>\n<p>&nbsp;<\/p>\n<p>&nbsp;<\/p>\n<p>El presidente designado de Emiratos \u00c1rabes Unidos para la pr\u00f3xima conferencia sobre el cambio clim\u00e1tico, COP28, inst\u00f3 este jueves a los Estados a aumentar sus objetivos clim\u00e1ticos en los pr\u00f3ximos dos meses antes de la reuni\u00f3n. \u00abHago un llamamiento a todos los Estados para que actualicen sus NDC antes de septiembre de este a\u00f1o, garantizando la alineaci\u00f3n con el Acuerdo de Par\u00eds\u00bb, expres\u00f3 el sult\u00e1n Sami al-Jaber.<\/p>\n<p>Las siglas en ingl\u00e9s NDC hacen referencia a las Contribuciones Determinadas a Nivel Nacional, compromisos de reducci\u00f3n de emisiones que sirven como contribuciones nacionales de los pa\u00edses para cumplir los objetivos del Acuerdo de Par\u00eds de 2015 para frenar el cambio clim\u00e1tico.<\/p>\n<p>Este mes, los Emiratos \u00c1rabes Unidos actualizaron su propio compromiso nacional, declarando que se compromet\u00edan a reducir las emisiones en un 40% para el a\u00f1o 2030, un aumento de casi el 10% con respecto a su objetivo anterior. Los EAU, uno de los principales exportadores de petr\u00f3leo de la OPEP, son los anfitriones de la cumbre COP28, que se celebrar\u00e1 a finales de este a\u00f1o.<\/p>\n<p>El evento es la primera evaluaci\u00f3n mundial de los progresos realizados desde el hist\u00f3rico Acuerdo de Par\u00eds de 2015 para limitar el calentamiento global. \u00abEstamos a mitad de camino entre el Acuerdo de Par\u00eds y 2030, pero no estamos lo suficientemente cerca de nuestro destino\u00bb, expres\u00f3 Jaber sobre la pr\u00f3xima evaluaci\u00f3n, a menudo conocido como el balance mundial, inform\u00f3 Reuters.<\/p>\n<p>El Acuerdo de Par\u00eds compromete a los pa\u00edses a limitar el aumento de la temperatura media mundial muy por debajo de los 2 grados cent\u00edgrados por encima de los niveles preindustriales, ya aspirar a los 1,5\u00b0 C, un nivel que, de superarse, podr\u00eda desencadenar efectos mucho m\u00e1s graves del cambio clim\u00e1tico, seg\u00fan los cient\u00edficos.<\/p>\n","protected":false},"excerpt":{"rendered":"<p>El evento es la primera evaluaci\u00f3n mundial de los progresos realizados desde el hist\u00f3rico Acuerdo de Par\u00eds de 2015 para limitar el calentamiento global &nbsp; &nbsp; El presidente designado de Emiratos \u00c1rabes Unidos para la pr\u00f3xima conferencia sobre el cambio clim\u00e1tico, COP28, inst\u00f3 este jueves a los Estados a aumentar sus objetivos clim\u00e1ticos en los pr\u00f3ximos dos meses antes de la reuni\u00f3n. \u00abHago un llamamiento a todos los Estados para que actualicen sus NDC antes de septiembre de este a\u00f1o, garantizando la alineaci\u00f3n con el Acuerdo de Par\u00eds\u00bb, expres\u00f3 el&#8230;<\/p>\n","protected":false},"author":3,"featured_media":104747,"comment_status":"closed","ping_status":"closed","sticky":false,"template":"","format":"standard","meta":[],"categories":[4],"tags":[],"_links":{"self":[{"href":"https:\/\/www.actualidadadiario.com\/index.php\/wp-json\/wp\/v2\/posts\/104746"}],"collection":[{"href":"https:\/\/www.actualidadadiario.com\/index.php\/wp-json\/wp\/v2\/posts"}],"about":[{"href":"https:\/\/www.actualidadadiario.com\/index.php\/wp-json\/wp\/v2\/types\/post"}],"author":[{"embeddable":true,"href":"https:\/\/www.actualidadadiario.com\/index.php\/wp-json\/wp\/v2\/users\/3"}],"replies":[{"embeddable":true,"href":"https:\/\/www.actualidadadiario.com\/index.php\/wp-json\/wp\/v2\/comments?post=104746"}],"version-history":[{"count":1,"href":"https:\/\/www.actualidadadiario.com\/index.php\/wp-json\/wp\/v2\/posts\/104746\/revisions"}],"predecessor-version":[{"id":104748,"href":"https:\/\/www.actualidadadiario.com\/index.php\/wp-json\/wp\/v2\/posts\/104746\/revisions\/104748"}],"wp:featuredmedia":[{"embeddable":true,"href":"https:\/\/www.actualidadadiario.com\/index.php\/wp-json\/wp\/v2\/media\/104747"}],"wp:attachment":[{"href":"https:\/\/www.actualidadadiario.com\/index.php\/wp-json\/wp\/v2\/media?parent=104746"}],"wp:term":[{"taxonomy":"category","embeddable":true,"href":"https:\/\/www.actualidadadiario.com\/index.php\/wp-json\/wp\/v2\/categories?post=104746"},{"taxonomy":"post_tag","embeddable":true,"href":"https:\/\/www.actualidadadiario.com\/index.php\/wp-json\/wp\/v2\/tags?post=104746"}],"curies":[{"name":"wp","href":"https:\/\/api.w.org\/{rel}","templated":true}]}}