{"id":104740,"date":"2023-07-13T13:15:19","date_gmt":"2023-07-13T16:15:19","guid":{"rendered":"https:\/\/www.actualidadadiario.com\/?p=104740"},"modified":"2023-07-13T13:15:19","modified_gmt":"2023-07-13T16:15:19","slug":"fue-una-sorpresa-tremenda-dijo-el-federaense-al-que-el-papa-nombro-cardenal","status":"publish","type":"post","link":"https:\/\/www.actualidadadiario.com\/index.php\/2023\/07\/13\/fue-una-sorpresa-tremenda-dijo-el-federaense-al-que-el-papa-nombro-cardenal\/","title":{"rendered":"\u201cFue una sorpresa tremenda\u201d, dijo el federaense al que el Papa nombr\u00f3 cardenal"},"content":{"rendered":"<p style=\"text-align: center;\"><em><strong>Si bien se conoc\u00edan con el Papa, jam\u00e1s pens\u00f3 que le encomendara esta misi\u00f3n. Infinitamente agradecido con \u00e9l, consider\u00f3 este gesto como \u201cuna delicadeza\u201d. Fue confesor de Jorge Bergoglio<\/strong><\/em><\/p>\n<p>&nbsp;<\/p>\n<p>&nbsp;<\/p>\n<p>En el \u00c1ngelus del domingo 9, el papa Francisco anunci\u00f3 la creaci\u00f3n de 21 nuevos cardenales durante el consistorio del 30 de septiembre de 2023. Entre esos 21, est\u00e1 el entrerriano nacido en Federaci\u00f3n Luis Pascual Dri, un fraile capuchino que reside en Buenos Aires.<\/p>\n<p>A sus 96 a\u00f1os, el fray capuchino Luis Pascual Dri, que ser\u00e1 creado cardenal por el papa Francisco, comparti\u00f3 sus emociones despu\u00e9s de recibir la noticia y reflexiona sobre su experiencia en el confesionario. Al anunciar su nombre luego del \u00c1ngelus del 9 de julio, el Pont\u00edfice lo present\u00f3 como un hombre distinguido por su servicio a la Iglesia.<\/p>\n<p>\u201cFue una sorpresa tremenda\u201d, dijo Fray Luis Pascual Dri sobre su designaci\u00f3n como cardenal de la Iglesia cat\u00f3lica cuya ceremonia ser\u00e1 durante el consistorio del pr\u00f3ximo 30 de septiembre de 2023. El religioso de 96 a\u00f1os fue confesor del cardenal Jorge Bergoglio, y el actual papa Francisco lo ha citado en m\u00faltiples ocasiones durante su Pontificado.<\/p>\n<p>\u201cNo tengo ninguna distinci\u00f3n especial\u201d, expres\u00f3 Pascual Dri, quien supo la noticia el domingo 9 de julio, al final del \u00c1ngelus. Estaba por bajar a confesar y se emocion\u00f3 inmensamente. \u201cAhora estoy m\u00e1s tranquilo\u201d, declar\u00f3 a Radio Vaticana. Si bien se conoc\u00edan con el Papa, jam\u00e1s pens\u00f3 que le encomendara esta misi\u00f3n. Infinitamente agradecido con \u00e9l, consider\u00f3 este gesto como \u201cuna delicadeza\u201d y coment\u00f3 que se contactar\u00e1 con \u00e9l para manifestarle personalmente su gratitud.<\/p>\n<p>En su servicio a la Iglesia, la confesi\u00f3n es el tema que lo ha apasionado toda su vida. \u201cLo primero es reconocer que yo soy tan pecador como el que se acerca a m\u00ed\u201d, asever\u00f3. Cuando recibe a personas que est\u00e1n padeciendo mucho y se encuentran agobiadas por diversos problemas, poder aliviar y poder decir \u201cEn el nombre del Se\u00f1or, te absuelvo\u201d es, para \u00e9l, una \u201calegr\u00eda muy grande\u201d.<\/p>\n<p>El fraile invita a recordar que Jesucristo nos hace justos perdon\u00e1ndonos con su gracia y transmite un mensaje de aliento. \u201c\u00a1Adelante!, \u00e1nimo, sin miedo, sin temor\u201d, a\u00f1ade, reconoci\u00e9ndose \u201cmuy feliz\u201d cuando puede estar \u201cun poquito m\u00e1s\u201d para quien est\u00e1 sufriendo. \u201cEste es un camino para encontrar la paz, la felicidad de la vida\u201d.<\/p>\n<p>Desde su \u201csill\u00f3n de ruedas\u201d, como \u00e9l mismo dice, acepta con humildad el llamado que Francisco le pide en este momento. \u201cEl Papa sabe mis limitaciones\u201d, sostiene, enfatizando que est\u00e1 dispuesto a todo lo que le diga.<\/p>\n<p>Para Dri, este servicio no le cambia nada. M\u00e1s bien, seguir\u00e1 entreg\u00e1ndose con todo el coraz\u00f3n, \u201ccon toda mi ciudad, sin dejar a nadie afuera de la Iglesia\u201d, reivindic\u00f3.<\/p>\n<p>Evocando su etapa pastoral en Uruguay, en la que, entre otras responsabilidades, se desempe\u00f1\u00f3 como educador en el Colegio y Liceo Secco Illa, subraya que a\u00fan recibe saludos de sus alumnos, felices de aquellos a\u00f1os vividos. Siempre procur\u00f3 el respeto a las personas, no la imposici\u00f3n de reglas duras, sino el respeto, como \u00e9l mismo lo narra. Los chicos lo recuerdan mucho: \u201cQuiz\u00e1 son gente grande, son abuelos, son profesionales y me escriben dando gracias por aquellos tiempos\u201d.<\/p>\n<p>Con su voz paternal y serena, deja unas palabras de esperanza: \u201cNunca el desaliento, nunca el pesimismo, nunca la desesperanza, porque el Se\u00f1or est\u00e1 y \u00e9l nos prometi\u00f3: \u2018Estar\u00e9 con ustedes hasta el fin de los tiempos\u2019\u201d.<\/p>\n","protected":false},"excerpt":{"rendered":"<p>Si bien se conoc\u00edan con el Papa, jam\u00e1s pens\u00f3 que le encomendara esta misi\u00f3n. Infinitamente agradecido con \u00e9l, consider\u00f3 este gesto como \u201cuna delicadeza\u201d. Fue confesor de Jorge Bergoglio &nbsp; &nbsp; En el \u00c1ngelus del domingo 9, el papa Francisco anunci\u00f3 la creaci\u00f3n de 21 nuevos cardenales durante el consistorio del 30 de septiembre de 2023. Entre esos 21, est\u00e1 el entrerriano nacido en Federaci\u00f3n Luis Pascual Dri, un fraile capuchino que reside en Buenos Aires. A sus 96 a\u00f1os, el fray capuchino Luis Pascual Dri, que ser\u00e1 creado cardenal&#8230;<\/p>\n","protected":false},"author":3,"featured_media":104741,"comment_status":"closed","ping_status":"closed","sticky":false,"template":"","format":"standard","meta":[],"categories":[15],"tags":[],"_links":{"self":[{"href":"https:\/\/www.actualidadadiario.com\/index.php\/wp-json\/wp\/v2\/posts\/104740"}],"collection":[{"href":"https:\/\/www.actualidadadiario.com\/index.php\/wp-json\/wp\/v2\/posts"}],"about":[{"href":"https:\/\/www.actualidadadiario.com\/index.php\/wp-json\/wp\/v2\/types\/post"}],"author":[{"embeddable":true,"href":"https:\/\/www.actualidadadiario.com\/index.php\/wp-json\/wp\/v2\/users\/3"}],"replies":[{"embeddable":true,"href":"https:\/\/www.actualidadadiario.com\/index.php\/wp-json\/wp\/v2\/comments?post=104740"}],"version-history":[{"count":1,"href":"https:\/\/www.actualidadadiario.com\/index.php\/wp-json\/wp\/v2\/posts\/104740\/revisions"}],"predecessor-version":[{"id":104742,"href":"https:\/\/www.actualidadadiario.com\/index.php\/wp-json\/wp\/v2\/posts\/104740\/revisions\/104742"}],"wp:featuredmedia":[{"embeddable":true,"href":"https:\/\/www.actualidadadiario.com\/index.php\/wp-json\/wp\/v2\/media\/104741"}],"wp:attachment":[{"href":"https:\/\/www.actualidadadiario.com\/index.php\/wp-json\/wp\/v2\/media?parent=104740"}],"wp:term":[{"taxonomy":"category","embeddable":true,"href":"https:\/\/www.actualidadadiario.com\/index.php\/wp-json\/wp\/v2\/categories?post=104740"},{"taxonomy":"post_tag","embeddable":true,"href":"https:\/\/www.actualidadadiario.com\/index.php\/wp-json\/wp\/v2\/tags?post=104740"}],"curies":[{"name":"wp","href":"https:\/\/api.w.org\/{rel}","templated":true}]}}