{"id":104738,"date":"2023-07-13T13:14:28","date_gmt":"2023-07-13T16:14:28","guid":{"rendered":"https:\/\/www.actualidadadiario.com\/?p=104738"},"modified":"2023-07-13T13:14:28","modified_gmt":"2023-07-13T16:14:28","slug":"el-titular-del-cge-salio-al-cruce-de-frigerio-son-mentira-los-datos-que-da-sobre-el-abandono-escolar","status":"publish","type":"post","link":"https:\/\/www.actualidadadiario.com\/index.php\/2023\/07\/13\/el-titular-del-cge-salio-al-cruce-de-frigerio-son-mentira-los-datos-que-da-sobre-el-abandono-escolar\/","title":{"rendered":"El titular del CGE sali\u00f3 al cruce de Frigerio: \u201cSon mentira los datos que da sobre el abandono escolar\u201d"},"content":{"rendered":"<p style=\"text-align: center;\"><em><strong>El titular del Consejo General de Educaci\u00f3n, Mart\u00edn M\u00fcller, le respondi\u00f3 al precandidato a gobernador de Juntos por Entre R\u00edos, Rogelio Frigerio, quien afirm\u00f3 que \u201ccada a\u00f1o cerca de 24 mil estudiantes abandonan la escuela por factores socioecon\u00f3micos\u201d. \u201cFrigerio no dice la verdad\u201d, enfatiz\u00f3<\/strong><\/em><\/p>\n<p>&nbsp;<\/p>\n<p>&nbsp;<\/p>\n<p>\u201cFrigerio no dice la verdad. Son mentira los datos que da sobre el abandono escolar\u201d, retruc\u00f3 M\u00fcller. \u201cEntre R\u00edos ha sumado 2.000 chicos m\u00e1s a la escuela secundaria. Somos pioneros en el programa de Alerta Temprana para evitar la deserci\u00f3n y llevamos un 90 por ciento de nominalizaci\u00f3n\u201d, explic\u00f3 el funcionario, quien tambi\u00e9n es precandidato a la intendencia de Gualeguay por el PJ.<\/p>\n<p>Y resalt\u00f3: \u201cNo son verdad los datos que vierte Frigerio sobre educaci\u00f3n, est\u00e1 mintiendo para hacer campa\u00f1a pol\u00edtica\u201d. En este sentido, remarc\u00f3 que \u201cdesde 2019 para ac\u00e1 hemos sostenido la matr\u00edcula educativa e, incluso, ha crecido en 2.000 alumnos m\u00e1s\u201d. Tambi\u00e9n puso de relieve que \u201cla escuela tiene m\u00faltiples herramientas para reinsertar a los chicos, las chicas y a personas adultas para que terminen sus estudios\u201d.<\/p>\n<p>\u201cA lo largo de estos a\u00f1os desarrollamos pol\u00edticas activas que nos permitieron sostener e incrementar la inclusi\u00f3n y la permanencia en el sistema educativo: llevamos a cabo el programa Presente y somos, junto con Mendoza, una de las dos provincias que implement\u00f3 el Sistema Alerta Temprana, que nos permite evitar el abandono y trabajar con cada estudiante\u201d, record\u00f3 M\u00fcller.<\/p>\n<p>\u201cTambi\u00e9n llevamos a cabo una tarea de nominalizaci\u00f3n que se encuentra en el 90 por ciento y eso es lo que posibilita realizar un seguimiento personalizado de nuestros estudiantes. Hoy Entre R\u00edos es reconocida por esa tarea\u201d, destac\u00f3 el titular de la pol\u00edtica educativa de la provincia.<\/p>\n<p>Adem\u00e1s, M\u00fcller puso de relieve la implementaci\u00f3n del programa A Leer, \u201cque est\u00e1 fortaleciendo la alfabetizaci\u00f3n de la temprana edad, para que los chicos lleguen a tercer grado en mejores condiciones respecto a la lectura y escritura. Tambi\u00e9n en esto hemos sido una de las primeras provincias del pa\u00eds\u201d.<\/p>\n<p>\u201cNuestra provincia est\u00e1 reconocida como una de las que m\u00e1s d\u00edas de clases proporciona a sus chicos y chicas. Esto es producto de la decisi\u00f3n del gobernador Gustavo Bordet de extender la jornada escolar y el calendario educativo\u201d, refiri\u00f3 el funcionario.<\/p>\n<p>Por otra parte, \u201csomos la jurisdicci\u00f3n que otorg\u00f3 mejores aumentos salariales en lo que va del a\u00f1o a sus docentes. Mientras el candidato a vicepresidente de Frigerio, Gerardo Morales, no escucha y reprime a los que est\u00e1n al frente de las aulas, en Entre R\u00edos reconocemos sus derechos y mejoramos su salario\u201d, apunt\u00f3.<\/p>\n<p>Por \u00faltimo, M\u00fcller puso de relieve la articulaci\u00f3n entre educaci\u00f3n y trabajo que tiene Entre R\u00edos. \u201cContamos con 55 escuelas t\u00e9cnicas y 31 agrot\u00e9cnicas. M\u00e1s ocho centros de formaci\u00f3n profesionales. Somos una de las provincias m\u00e1s valoradas en lo que hace al v\u00ednculo entre la escuela y el mundo productivo, en especial en relaci\u00f3n con los requerimientos t\u00e9cnicos y profesionales de las m\u00faltiples cadenas productivas entrerrianas. El mismo Frigerio pudo advertirlo cuando visit\u00f3 algunas escuelas, ahora que est\u00e1 conociendo de a poco la provincia\u201d, public\u00f3 El Entre R\u00edos.<\/p>\n<p>\u201cFrigerio ya fue gobierno y ya mostr\u00f3 cu\u00e1l es el modelo de escuela que aspira implementar en nuestra provincia: es dar de baja el programa conectar igualdad y que los chicos ya no reciban notebooks para formarse en las tecnolog\u00edas actuales; eliminar las paritarias y dejar a los docentes sin el derecho a discutir salarios; abandonar la construcci\u00f3n de jardines maternales; o el modelo de Ciudad de Buenos Aires, donde vive Frigerio, que le quita recursos a la educaci\u00f3n p\u00fablica para beneficiar a la educaci\u00f3n paga, para unos pocos\u201d, concluy\u00f3 M\u00fcller.<\/p>\n","protected":false},"excerpt":{"rendered":"<p>El titular del Consejo General de Educaci\u00f3n, Mart\u00edn M\u00fcller, le respondi\u00f3 al precandidato a gobernador de Juntos por Entre R\u00edos, Rogelio Frigerio, quien afirm\u00f3 que \u201ccada a\u00f1o cerca de 24 mil estudiantes abandonan la escuela por factores socioecon\u00f3micos\u201d. \u201cFrigerio no dice la verdad\u201d, enfatiz\u00f3 &nbsp; &nbsp; \u201cFrigerio no dice la verdad. Son mentira los datos que da sobre el abandono escolar\u201d, retruc\u00f3 M\u00fcller. \u201cEntre R\u00edos ha sumado 2.000 chicos m\u00e1s a la escuela secundaria. Somos pioneros en el programa de Alerta Temprana para evitar la deserci\u00f3n y llevamos un 90&#8230;<\/p>\n","protected":false},"author":3,"featured_media":95940,"comment_status":"closed","ping_status":"closed","sticky":false,"template":"","format":"standard","meta":[],"categories":[15],"tags":[],"_links":{"self":[{"href":"https:\/\/www.actualidadadiario.com\/index.php\/wp-json\/wp\/v2\/posts\/104738"}],"collection":[{"href":"https:\/\/www.actualidadadiario.com\/index.php\/wp-json\/wp\/v2\/posts"}],"about":[{"href":"https:\/\/www.actualidadadiario.com\/index.php\/wp-json\/wp\/v2\/types\/post"}],"author":[{"embeddable":true,"href":"https:\/\/www.actualidadadiario.com\/index.php\/wp-json\/wp\/v2\/users\/3"}],"replies":[{"embeddable":true,"href":"https:\/\/www.actualidadadiario.com\/index.php\/wp-json\/wp\/v2\/comments?post=104738"}],"version-history":[{"count":1,"href":"https:\/\/www.actualidadadiario.com\/index.php\/wp-json\/wp\/v2\/posts\/104738\/revisions"}],"predecessor-version":[{"id":104739,"href":"https:\/\/www.actualidadadiario.com\/index.php\/wp-json\/wp\/v2\/posts\/104738\/revisions\/104739"}],"wp:featuredmedia":[{"embeddable":true,"href":"https:\/\/www.actualidadadiario.com\/index.php\/wp-json\/wp\/v2\/media\/95940"}],"wp:attachment":[{"href":"https:\/\/www.actualidadadiario.com\/index.php\/wp-json\/wp\/v2\/media?parent=104738"}],"wp:term":[{"taxonomy":"category","embeddable":true,"href":"https:\/\/www.actualidadadiario.com\/index.php\/wp-json\/wp\/v2\/categories?post=104738"},{"taxonomy":"post_tag","embeddable":true,"href":"https:\/\/www.actualidadadiario.com\/index.php\/wp-json\/wp\/v2\/tags?post=104738"}],"curies":[{"name":"wp","href":"https:\/\/api.w.org\/{rel}","templated":true}]}}